{"id":29056,"date":"2022-09-12T10:30:00","date_gmt":"2022-09-12T08:30:00","guid":{"rendered":"https:\/\/cvx-e.es\/uncategorized-ca\/som-font-de-reconciliacio-quan-connectem-amb-la-nostra-font-de-vida\/"},"modified":"2022-09-13T17:14:44","modified_gmt":"2022-09-13T15:14:44","slug":"som-font-de-reconciliacio-quan-connectem-amb-la-nostra-font-de-vida","status":"publish","type":"post","link":"https:\/\/cvx-e.es\/ca\/pindoles-reconciliacio\/som-font-de-reconciliacio-quan-connectem-amb-la-nostra-font-de-vida\/","title":{"rendered":"\u00abSom font de reconciliaci\u00f3 quan connectem amb la nostra font de vida\u00bb"},"content":{"rendered":"\n<p class=\"wp-block-paragraph\"><\/p>\n\n<p class=\"has-medium-font-size wp-block-paragraph\">Cadasc\u00fa de nosaltres som projecte de D\u00e9u, creaci\u00f3 seva. Quan connectem amb el nostre jo m\u00e9s profund, amb all\u00f2 que \u00e9s el fonament de la nostra vida, amb la nostra font de vida, el nostre \u00e9sser es pacifica, desapareixen les pors i inseguretats i vivim reconciliats amb la natura, amb D\u00e9u i amb els germans.<\/p>\n\n<p class=\"has-medium-font-size wp-block-paragraph\">El primer pas d&#8217;aquest aprenentatge \u00e9s viure reconciliats amb nosaltres mateixos, acceptant els nostres l\u00edmits i les nostres ombres, servint els altres i confiant radicalment en Aquell que ens ha creat.<\/p>\n\n<p class=\"has-medium-font-size wp-block-paragraph\">Durant aquesta setmana faig l&#8217;exercici de connectar-me espiritualment amb qui \u00e9s la meva font de vida, el meu fonament, sento el seu amor profund i incondicional cap a mi.<\/p>\n\n<p class=\"has-large-font-size wp-block-paragraph\"><strong>Quin \u00e9s el valor principal i fonamental que orienta la meva vida?<\/strong><\/p>\n\n<figure class=\"wp-block-embed is-type-video is-provider-youtube wp-block-embed-youtube wp-embed-aspect-16-9 wp-has-aspect-ratio\"><div class=\"wp-block-embed__wrapper\">\n<iframe loading=\"lazy\" title=\"En todo | Jesuitas Ac\u00fastico\" width=\"1080\" height=\"608\" src=\"https:\/\/www.youtube.com\/embed\/lm9PxZpPdRs?feature=oembed\"  allow=\"accelerometer; autoplay; clipboard-write; encrypted-media; gyroscope; picture-in-picture\" allowfullscreen><\/iframe>\n<\/div><\/figure>\n\n<p class=\"wp-block-paragraph\"><\/p>\n\n<p class=\"wp-block-paragraph\"><\/p>\n","protected":false},"excerpt":{"rendered":"<p>Cadasc\u00fa de nosaltres som projecte de D\u00e9u, creaci\u00f3 seva. Quan connectem amb el nostre jo m\u00e9s profund, amb all\u00f2 que \u00e9s el fonament de la nostra vida, amb la nostra [&hellip;]<\/p>\n","protected":false},"author":4,"featured_media":28559,"comment_status":"open","ping_status":"closed","sticky":false,"template":"","format":"standard","meta":{"_et_pb_use_builder":"off","_et_pb_old_content":"","_et_gb_content_width":"","_price":"","_stock":"","_tribe_ticket_header":"","_tribe_default_ticket_provider":"","_tribe_ticket_capacity":"0","_ticket_start_date":"","_ticket_end_date":"","_tribe_ticket_show_description":"","_tribe_ticket_show_not_going":false,"_tribe_ticket_use_global_stock":"","_tribe_ticket_global_stock_level":"","_global_stock_mode":"","_global_stock_cap":"","_tribe_rsvp_for_event":"","_tribe_ticket_going_count":"","_tribe_ticket_not_going_count":"","_tribe_tickets_list":"[]","_tribe_ticket_has_attendee_info_fields":false,"footnotes":""},"categories":[484,432],"tags":[],"class_list":["post-29056","post","type-post","status-publish","format-standard","has-post-thumbnail","hentry","category-pindoles-reconciliacio","category-uncategorized-ca"],"yoast_head":"<!-- This site is optimized with the Yoast SEO plugin v27.9 - https:\/\/yoast.com\/product\/yoast-seo-wordpress\/ -->\n<title>&quot;Som font de reconciliaci\u00f3 quan connectem amb la nostra font de vida&quot; - CVX en Espa\u00f1a<\/title>\n<meta name=\"robots\" content=\"index, follow, max-snippet:-1, max-image-preview:large, max-video-preview:-1\" \/>\n<link rel=\"canonical\" href=\"https:\/\/cvx-e.es\/ca\/pindoles-reconciliacio\/som-font-de-reconciliacio-quan-connectem-amb-la-nostra-font-de-vida\/\" \/>\n<meta property=\"og:locale\" content=\"ca_ES\" \/>\n<meta property=\"og:type\" content=\"article\" \/>\n<meta property=\"og:title\" content=\"&quot;Som font de reconciliaci\u00f3 quan connectem amb la nostra font de vida&quot; - CVX en Espa\u00f1a\" \/>\n<meta property=\"og:description\" content=\"Cadasc\u00fa de nosaltres som projecte de D\u00e9u, creaci\u00f3 seva. Quan connectem amb el nostre jo m\u00e9s profund, amb all\u00f2 que \u00e9s el fonament de la nostra vida, amb la nostra [&hellip;]\" \/>\n<meta property=\"og:url\" content=\"https:\/\/cvx-e.es\/ca\/pindoles-reconciliacio\/som-font-de-reconciliacio-quan-connectem-amb-la-nostra-font-de-vida\/\" \/>\n<meta property=\"og:site_name\" content=\"CVX en Espa\u00f1a\" \/>\n<meta property=\"article:published_time\" content=\"2022-09-12T08:30:00+00:00\" \/>\n<meta property=\"article:modified_time\" content=\"2022-09-13T15:14:44+00:00\" \/>\n<meta property=\"og:image\" content=\"https:\/\/cvx-e.es\/wp-content\/uploads\/2022\/09\/Anclaje-1-1-scaled.jpg\" \/>\n\t<meta property=\"og:image:width\" content=\"2560\" \/>\n\t<meta property=\"og:image:height\" content=\"2560\" \/>\n\t<meta property=\"og:image:type\" content=\"image\/jpeg\" \/>\n<meta name=\"author\" content=\"Administracion\" \/>\n<meta name=\"twitter:card\" content=\"summary_large_image\" \/>\n<meta name=\"twitter:label1\" content=\"Escrit per\" \/>\n\t<meta name=\"twitter:data1\" content=\"Administracion\" \/>\n\t<meta name=\"twitter:label2\" content=\"Temps estimat de lectura\" \/>\n\t<meta name=\"twitter:data2\" content=\"1 minut\" \/>\n<script type=\"application\/ld+json\" class=\"yoast-schema-graph\">{\"@context\":\"https:\\\/\\\/schema.org\",\"@graph\":[{\"@type\":\"Article\",\"@id\":\"https:\\\/\\\/cvx-e.es\\\/ca\\\/pindoles-reconciliacio\\\/som-font-de-reconciliacio-quan-connectem-amb-la-nostra-font-de-vida\\\/#article\",\"isPartOf\":{\"@id\":\"https:\\\/\\\/cvx-e.es\\\/ca\\\/pindoles-reconciliacio\\\/som-font-de-reconciliacio-quan-connectem-amb-la-nostra-font-de-vida\\\/\"},\"author\":{\"name\":\"Administracion\",\"@id\":\"https:\\\/\\\/cvx-e.es\\\/ca\\\/#\\\/schema\\\/person\\\/9e98df936af8ab13b1c160d256dacf62\"},\"headline\":\"\u00abSom font de reconciliaci\u00f3 quan connectem amb la nostra font de vida\u00bb\",\"datePublished\":\"2022-09-12T08:30:00+00:00\",\"dateModified\":\"2022-09-13T15:14:44+00:00\",\"mainEntityOfPage\":{\"@id\":\"https:\\\/\\\/cvx-e.es\\\/ca\\\/pindoles-reconciliacio\\\/som-font-de-reconciliacio-quan-connectem-amb-la-nostra-font-de-vida\\\/\"},\"wordCount\":150,\"commentCount\":0,\"image\":{\"@id\":\"https:\\\/\\\/cvx-e.es\\\/ca\\\/pindoles-reconciliacio\\\/som-font-de-reconciliacio-quan-connectem-amb-la-nostra-font-de-vida\\\/#primaryimage\"},\"thumbnailUrl\":\"https:\\\/\\\/cvx-e.es\\\/wp-content\\\/uploads\\\/2022\\\/09\\\/Anclaje-1-1-scaled.jpg\",\"articleSection\":[\"P\u00edndoles reconciliaci\u00f3\",\"Uncategorized @ca\"],\"inLanguage\":\"ca\",\"potentialAction\":[{\"@type\":\"CommentAction\",\"name\":\"Comment\",\"target\":[\"https:\\\/\\\/cvx-e.es\\\/ca\\\/pindoles-reconciliacio\\\/som-font-de-reconciliacio-quan-connectem-amb-la-nostra-font-de-vida\\\/#respond\"]}]},{\"@type\":\"WebPage\",\"@id\":\"https:\\\/\\\/cvx-e.es\\\/ca\\\/pindoles-reconciliacio\\\/som-font-de-reconciliacio-quan-connectem-amb-la-nostra-font-de-vida\\\/\",\"url\":\"https:\\\/\\\/cvx-e.es\\\/ca\\\/pindoles-reconciliacio\\\/som-font-de-reconciliacio-quan-connectem-amb-la-nostra-font-de-vida\\\/\",\"name\":\"\\\"Som font de reconciliaci\u00f3 quan connectem amb la nostra font de vida\\\" - CVX en Espa\u00f1a\",\"isPartOf\":{\"@id\":\"https:\\\/\\\/cvx-e.es\\\/ca\\\/#website\"},\"primaryImageOfPage\":{\"@id\":\"https:\\\/\\\/cvx-e.es\\\/ca\\\/pindoles-reconciliacio\\\/som-font-de-reconciliacio-quan-connectem-amb-la-nostra-font-de-vida\\\/#primaryimage\"},\"image\":{\"@id\":\"https:\\\/\\\/cvx-e.es\\\/ca\\\/pindoles-reconciliacio\\\/som-font-de-reconciliacio-quan-connectem-amb-la-nostra-font-de-vida\\\/#primaryimage\"},\"thumbnailUrl\":\"https:\\\/\\\/cvx-e.es\\\/wp-content\\\/uploads\\\/2022\\\/09\\\/Anclaje-1-1-scaled.jpg\",\"datePublished\":\"2022-09-12T08:30:00+00:00\",\"dateModified\":\"2022-09-13T15:14:44+00:00\",\"author\":{\"@id\":\"https:\\\/\\\/cvx-e.es\\\/ca\\\/#\\\/schema\\\/person\\\/9e98df936af8ab13b1c160d256dacf62\"},\"breadcrumb\":{\"@id\":\"https:\\\/\\\/cvx-e.es\\\/ca\\\/pindoles-reconciliacio\\\/som-font-de-reconciliacio-quan-connectem-amb-la-nostra-font-de-vida\\\/#breadcrumb\"},\"inLanguage\":\"ca\",\"potentialAction\":[{\"@type\":\"ReadAction\",\"target\":[\"https:\\\/\\\/cvx-e.es\\\/ca\\\/pindoles-reconciliacio\\\/som-font-de-reconciliacio-quan-connectem-amb-la-nostra-font-de-vida\\\/\"]}]},{\"@type\":\"ImageObject\",\"inLanguage\":\"ca\",\"@id\":\"https:\\\/\\\/cvx-e.es\\\/ca\\\/pindoles-reconciliacio\\\/som-font-de-reconciliacio-quan-connectem-amb-la-nostra-font-de-vida\\\/#primaryimage\",\"url\":\"https:\\\/\\\/cvx-e.es\\\/wp-content\\\/uploads\\\/2022\\\/09\\\/Anclaje-1-1-scaled.jpg\",\"contentUrl\":\"https:\\\/\\\/cvx-e.es\\\/wp-content\\\/uploads\\\/2022\\\/09\\\/Anclaje-1-1-scaled.jpg\",\"width\":2560,\"height\":2560},{\"@type\":\"BreadcrumbList\",\"@id\":\"https:\\\/\\\/cvx-e.es\\\/ca\\\/pindoles-reconciliacio\\\/som-font-de-reconciliacio-quan-connectem-amb-la-nostra-font-de-vida\\\/#breadcrumb\",\"itemListElement\":[{\"@type\":\"ListItem\",\"position\":1,\"name\":\"Inicio\",\"item\":\"https:\\\/\\\/cvx-e.es\\\/ca\\\/\"},{\"@type\":\"ListItem\",\"position\":2,\"name\":\"P\u00edndoles reconciliaci\u00f3\",\"item\":\"https:\\\/\\\/cvx-e.es\\\/ca\\\/categoria\\\/pindoles-reconciliacio\\\/\"},{\"@type\":\"ListItem\",\"position\":3,\"name\":\"&#8220;Som font de reconciliaci\u00f3 quan connectem amb la nostra font de vida&#8221;\"}]},{\"@type\":\"WebSite\",\"@id\":\"https:\\\/\\\/cvx-e.es\\\/ca\\\/#website\",\"url\":\"https:\\\/\\\/cvx-e.es\\\/ca\\\/\",\"name\":\"CVX en Espa\u00f1a\",\"description\":\"Comunidad de Vida Cristiana Ignaciana\",\"potentialAction\":[{\"@type\":\"SearchAction\",\"target\":{\"@type\":\"EntryPoint\",\"urlTemplate\":\"https:\\\/\\\/cvx-e.es\\\/ca\\\/?s={search_term_string}\"},\"query-input\":{\"@type\":\"PropertyValueSpecification\",\"valueRequired\":true,\"valueName\":\"search_term_string\"}}],\"inLanguage\":\"ca\"},{\"@type\":\"Person\",\"@id\":\"https:\\\/\\\/cvx-e.es\\\/ca\\\/#\\\/schema\\\/person\\\/9e98df936af8ab13b1c160d256dacf62\",\"name\":\"Administracion\",\"image\":{\"@type\":\"ImageObject\",\"inLanguage\":\"ca\",\"@id\":\"https:\\\/\\\/secure.gravatar.com\\\/avatar\\\/4d4a7c0d6994093bfe79a47ddefe834b7cbbfdfba11069c651235157ee57411b?s=96&d=mm&r=g\",\"url\":\"https:\\\/\\\/secure.gravatar.com\\\/avatar\\\/4d4a7c0d6994093bfe79a47ddefe834b7cbbfdfba11069c651235157ee57411b?s=96&d=mm&r=g\",\"contentUrl\":\"https:\\\/\\\/secure.gravatar.com\\\/avatar\\\/4d4a7c0d6994093bfe79a47ddefe834b7cbbfdfba11069c651235157ee57411b?s=96&d=mm&r=g\",\"caption\":\"Administracion\"},\"url\":\"https:\\\/\\\/cvx-e.es\\\/ca\\\/author\\\/administracion\\\/\"}]}<\/script>\n<!-- \/ Yoast SEO plugin. -->","yoast_head_json":{"title":"\"Som font de reconciliaci\u00f3 quan connectem amb la nostra font de vida\" - CVX en Espa\u00f1a","robots":{"index":"index","follow":"follow","max-snippet":"max-snippet:-1","max-image-preview":"max-image-preview:large","max-video-preview":"max-video-preview:-1"},"canonical":"https:\/\/cvx-e.es\/ca\/pindoles-reconciliacio\/som-font-de-reconciliacio-quan-connectem-amb-la-nostra-font-de-vida\/","og_locale":"ca_ES","og_type":"article","og_title":"\"Som font de reconciliaci\u00f3 quan connectem amb la nostra font de vida\" - CVX en Espa\u00f1a","og_description":"Cadasc\u00fa de nosaltres som projecte de D\u00e9u, creaci\u00f3 seva. Quan connectem amb el nostre jo m\u00e9s profund, amb all\u00f2 que \u00e9s el fonament de la nostra vida, amb la nostra [&hellip;]","og_url":"https:\/\/cvx-e.es\/ca\/pindoles-reconciliacio\/som-font-de-reconciliacio-quan-connectem-amb-la-nostra-font-de-vida\/","og_site_name":"CVX en Espa\u00f1a","article_published_time":"2022-09-12T08:30:00+00:00","article_modified_time":"2022-09-13T15:14:44+00:00","og_image":[{"width":2560,"height":2560,"url":"https:\/\/cvx-e.es\/wp-content\/uploads\/2022\/09\/Anclaje-1-1-scaled.jpg","type":"image\/jpeg"}],"author":"Administracion","twitter_card":"summary_large_image","twitter_misc":{"Escrit per":"Administracion","Temps estimat de lectura":"1 minut"},"schema":{"@context":"https:\/\/schema.org","@graph":[{"@type":"Article","@id":"https:\/\/cvx-e.es\/ca\/pindoles-reconciliacio\/som-font-de-reconciliacio-quan-connectem-amb-la-nostra-font-de-vida\/#article","isPartOf":{"@id":"https:\/\/cvx-e.es\/ca\/pindoles-reconciliacio\/som-font-de-reconciliacio-quan-connectem-amb-la-nostra-font-de-vida\/"},"author":{"name":"Administracion","@id":"https:\/\/cvx-e.es\/ca\/#\/schema\/person\/9e98df936af8ab13b1c160d256dacf62"},"headline":"\u00abSom font de reconciliaci\u00f3 quan connectem amb la nostra font de vida\u00bb","datePublished":"2022-09-12T08:30:00+00:00","dateModified":"2022-09-13T15:14:44+00:00","mainEntityOfPage":{"@id":"https:\/\/cvx-e.es\/ca\/pindoles-reconciliacio\/som-font-de-reconciliacio-quan-connectem-amb-la-nostra-font-de-vida\/"},"wordCount":150,"commentCount":0,"image":{"@id":"https:\/\/cvx-e.es\/ca\/pindoles-reconciliacio\/som-font-de-reconciliacio-quan-connectem-amb-la-nostra-font-de-vida\/#primaryimage"},"thumbnailUrl":"https:\/\/cvx-e.es\/wp-content\/uploads\/2022\/09\/Anclaje-1-1-scaled.jpg","articleSection":["P\u00edndoles reconciliaci\u00f3","Uncategorized @ca"],"inLanguage":"ca","potentialAction":[{"@type":"CommentAction","name":"Comment","target":["https:\/\/cvx-e.es\/ca\/pindoles-reconciliacio\/som-font-de-reconciliacio-quan-connectem-amb-la-nostra-font-de-vida\/#respond"]}]},{"@type":"WebPage","@id":"https:\/\/cvx-e.es\/ca\/pindoles-reconciliacio\/som-font-de-reconciliacio-quan-connectem-amb-la-nostra-font-de-vida\/","url":"https:\/\/cvx-e.es\/ca\/pindoles-reconciliacio\/som-font-de-reconciliacio-quan-connectem-amb-la-nostra-font-de-vida\/","name":"\"Som font de reconciliaci\u00f3 quan connectem amb la nostra font de vida\" - CVX en Espa\u00f1a","isPartOf":{"@id":"https:\/\/cvx-e.es\/ca\/#website"},"primaryImageOfPage":{"@id":"https:\/\/cvx-e.es\/ca\/pindoles-reconciliacio\/som-font-de-reconciliacio-quan-connectem-amb-la-nostra-font-de-vida\/#primaryimage"},"image":{"@id":"https:\/\/cvx-e.es\/ca\/pindoles-reconciliacio\/som-font-de-reconciliacio-quan-connectem-amb-la-nostra-font-de-vida\/#primaryimage"},"thumbnailUrl":"https:\/\/cvx-e.es\/wp-content\/uploads\/2022\/09\/Anclaje-1-1-scaled.jpg","datePublished":"2022-09-12T08:30:00+00:00","dateModified":"2022-09-13T15:14:44+00:00","author":{"@id":"https:\/\/cvx-e.es\/ca\/#\/schema\/person\/9e98df936af8ab13b1c160d256dacf62"},"breadcrumb":{"@id":"https:\/\/cvx-e.es\/ca\/pindoles-reconciliacio\/som-font-de-reconciliacio-quan-connectem-amb-la-nostra-font-de-vida\/#breadcrumb"},"inLanguage":"ca","potentialAction":[{"@type":"ReadAction","target":["https:\/\/cvx-e.es\/ca\/pindoles-reconciliacio\/som-font-de-reconciliacio-quan-connectem-amb-la-nostra-font-de-vida\/"]}]},{"@type":"ImageObject","inLanguage":"ca","@id":"https:\/\/cvx-e.es\/ca\/pindoles-reconciliacio\/som-font-de-reconciliacio-quan-connectem-amb-la-nostra-font-de-vida\/#primaryimage","url":"https:\/\/cvx-e.es\/wp-content\/uploads\/2022\/09\/Anclaje-1-1-scaled.jpg","contentUrl":"https:\/\/cvx-e.es\/wp-content\/uploads\/2022\/09\/Anclaje-1-1-scaled.jpg","width":2560,"height":2560},{"@type":"BreadcrumbList","@id":"https:\/\/cvx-e.es\/ca\/pindoles-reconciliacio\/som-font-de-reconciliacio-quan-connectem-amb-la-nostra-font-de-vida\/#breadcrumb","itemListElement":[{"@type":"ListItem","position":1,"name":"Inicio","item":"https:\/\/cvx-e.es\/ca\/"},{"@type":"ListItem","position":2,"name":"P\u00edndoles reconciliaci\u00f3","item":"https:\/\/cvx-e.es\/ca\/categoria\/pindoles-reconciliacio\/"},{"@type":"ListItem","position":3,"name":"&#8220;Som font de reconciliaci\u00f3 quan connectem amb la nostra font de vida&#8221;"}]},{"@type":"WebSite","@id":"https:\/\/cvx-e.es\/ca\/#website","url":"https:\/\/cvx-e.es\/ca\/","name":"CVX en Espa\u00f1a","description":"Comunidad de Vida Cristiana Ignaciana","potentialAction":[{"@type":"SearchAction","target":{"@type":"EntryPoint","urlTemplate":"https:\/\/cvx-e.es\/ca\/?s={search_term_string}"},"query-input":{"@type":"PropertyValueSpecification","valueRequired":true,"valueName":"search_term_string"}}],"inLanguage":"ca"},{"@type":"Person","@id":"https:\/\/cvx-e.es\/ca\/#\/schema\/person\/9e98df936af8ab13b1c160d256dacf62","name":"Administracion","image":{"@type":"ImageObject","inLanguage":"ca","@id":"https:\/\/secure.gravatar.com\/avatar\/4d4a7c0d6994093bfe79a47ddefe834b7cbbfdfba11069c651235157ee57411b?s=96&d=mm&r=g","url":"https:\/\/secure.gravatar.com\/avatar\/4d4a7c0d6994093bfe79a47ddefe834b7cbbfdfba11069c651235157ee57411b?s=96&d=mm&r=g","contentUrl":"https:\/\/secure.gravatar.com\/avatar\/4d4a7c0d6994093bfe79a47ddefe834b7cbbfdfba11069c651235157ee57411b?s=96&d=mm&r=g","caption":"Administracion"},"url":"https:\/\/cvx-e.es\/ca\/author\/administracion\/"}]}},"post_mailing_queue_ids":[],"_links":{"self":[{"href":"https:\/\/cvx-e.es\/ca\/wp-json\/wp\/v2\/posts\/29056","targetHints":{"allow":["GET"]}}],"collection":[{"href":"https:\/\/cvx-e.es\/ca\/wp-json\/wp\/v2\/posts"}],"about":[{"href":"https:\/\/cvx-e.es\/ca\/wp-json\/wp\/v2\/types\/post"}],"author":[{"embeddable":true,"href":"https:\/\/cvx-e.es\/ca\/wp-json\/wp\/v2\/users\/4"}],"replies":[{"embeddable":true,"href":"https:\/\/cvx-e.es\/ca\/wp-json\/wp\/v2\/comments?post=29056"}],"version-history":[{"count":0,"href":"https:\/\/cvx-e.es\/ca\/wp-json\/wp\/v2\/posts\/29056\/revisions"}],"wp:featuredmedia":[{"embeddable":true,"href":"https:\/\/cvx-e.es\/ca\/wp-json\/wp\/v2\/media\/28559"}],"wp:attachment":[{"href":"https:\/\/cvx-e.es\/ca\/wp-json\/wp\/v2\/media?parent=29056"}],"wp:term":[{"taxonomy":"category","embeddable":true,"href":"https:\/\/cvx-e.es\/ca\/wp-json\/wp\/v2\/categories?post=29056"},{"taxonomy":"post_tag","embeddable":true,"href":"https:\/\/cvx-e.es\/ca\/wp-json\/wp\/v2\/tags?post=29056"}],"curies":[{"name":"wp","href":"https:\/\/api.w.org\/{rel}","templated":true}]}}