{"id":29487,"date":"2022-09-16T11:00:08","date_gmt":"2022-09-16T09:00:08","guid":{"rendered":"https:\/\/cvx-e.es\/uncategorized-ca\/ecos-de-lexperiencia-ruta-tarik-emaus\/"},"modified":"2022-09-16T13:17:38","modified_gmt":"2022-09-16T11:17:38","slug":"ecos-de-lexperiencia-ruta-tarik-emaus","status":"publish","type":"post","link":"https:\/\/cvx-e.es\/ca\/uncategorized-ca\/ecos-de-lexperiencia-ruta-tarik-emaus\/","title":{"rendered":"Ecos de l&#8217;experi\u00e8ncia-ruta Tarik Ema\u00fas"},"content":{"rendered":"\n<p class=\"wp-block-paragraph\"><\/p>\n\n<p class=\"wp-block-paragraph\">Participar en l&#8217;experi\u00e8ncia Tarik-Ema\u00fas significava sortir de la meva zona de confort, atrevir-me a con\u00e8ixer una altra realitat i veure qu\u00e8 podia suposar aix\u00f2 a la meva vida. Va ser una bonica casualitat i una sort que la informaci\u00f3 per formar part d&#8217;aquesta experi\u00e8ncia m&#8217;arrib\u00e9s ja que jo mai no havia tingut relaci\u00f3 amb CVX.<\/p>\n\n<p class=\"wp-block-paragraph\"> El m\u00f3n de les migracions tamb\u00e9 era un territori desconegut per a mi, per\u00f2 la veritat que l&#8217;acollida de la comunitat de jesu\u00eftes d&#8217;Almeria va fer que tot fos molt m\u00e9s f\u00e0cil. Em van ajudar a familiaritzar-me amb l&#8217;espiritualitat ignasiana i sobretot a situar-me en aquesta realitat migrant que tenim al voltant i que ens passa desapercebuda la majoria de vegades. Van ser set dies plens de llocs, testimonis, sentiments i trobada amb D\u00e9u. Van ser set dies que em van plantejar molts interrogants i sobretot van ser set dies que em van ajudar a posar-me a la pell d&#8217;aquelles persones que intenten travessar la Mediterr\u00e0nia per trobar una vida millor.<\/p>\n\n<p class=\"wp-block-paragraph\">Mai no m&#8217;havia imaginat les condicions en qu\u00e8 vivien els migrants invisibles en aquest mar de pl\u00e0stic d&#8217;Almeria, ja que mentre estiguin amagats als nostres ulls sembla que no ens importen. Despr\u00e9s de fer tot el recorregut fins a la terra somiada, es troben amb una societat que els fa servir per enriquir-se, perqu\u00e8 treballin, per\u00f2 en unes condicions infrahumanes que accepten perqu\u00e8 no tenen cap altra opci\u00f3. \u00c9s indignant pensar com hi ha gent que els deixa estar \u201cvivint\u201d i vigilant el seu hivernat, per\u00f2 nom\u00e9s si ho fan en barraques i en males condicions. I alhora \u00e9s incre\u00efble veure com ells continuen tenint forces i quan li preguntes com estan et responen sempre que b\u00e9.<\/p>\n\n<p class=\"wp-block-paragraph\">L&#8217;assentament barraquista on vam estar \u00e9s on m\u00e9s a prop de D\u00e9u em vaig sentir en tot el viatge. Va ser una gran oportunitat trepitjar la seva terra sagrada, poder escoltar les seves experi\u00e8ncies de vida, per\u00f2 sobretot veure que seguien tenint esperances i que lluitaven per aconseguir alguna cosa millor per a la seva fam\u00edlia.<\/p>\n\n<p class=\"wp-block-paragraph\">Posar-te a la pell del rebutjat, de l&#8217;invisible em plantejava moltes preguntes sense respostes i \u00e9s dif\u00edcil de pair si no ho fas en oraci\u00f3 recordant que Jes\u00fas tamb\u00e9 va ser migrant. Per qu\u00e8 els recursos estan tan mal repartits?, per qu\u00e8 els privilegiats ens aprofitem de la nostra situaci\u00f3?, per qu\u00e8 el teu futur es decideix segons la zona on hagis nascut?, on queden els drets humans dels migrants? \u2026I la pregunta que considero m\u00e9s dif\u00edcil de totes, <strong>qu\u00e8 espera D\u00e9u que faci jo davant aquesta situaci\u00f3?<\/strong><\/p>\n\n<p class=\"wp-block-paragraph\">Per si fos poc el que vivim a Almeria, continuem el nostre viatge creuant el mar Mediterrani i meditant sobre qu\u00e8 significa el mar per a nosaltres i qu\u00e8 significa per a ells. Aquest mar que pot significar tranquil\u00b7litat, descans, vacances per a alguns i alhora pot significar mort, por, caos i esperan\u00e7a per als altres. Com es pot veure el mateix de formes tan diferents? Com vam poder fer un viatge tranquil amb ferri mentre que altres arrisquen la seva vida per creuar? Mentre creu\u00e0vem em venien al cap algunes de les frases dels migrants que hav\u00edem conegut a Almeria i que havien aconseguit creuar en pastera. Tamb\u00e9 recordava aquelles vides que s&#8217;havien perdut en l&#8217;intent d&#8217;arribar a Europa i com la societat feia orelles sordes davant d&#8217;aquesta realitat. Per qu\u00e8 hi ha migrants amb drets i d&#8217;altres sense? Per qu\u00e8 tant ens importa el pa\u00eds d&#8217;origen del que vinguin? <strong>Com permetem que es juguin la vida per creuar l&#8217;estret?<\/strong><\/p>\n\n<p class=\"wp-block-paragraph\">Les preguntes mai van cessar en arribar a Nador sin\u00f3 tot al contrari. Amb els nostres papers i passant els controls nosaltres vam poder accedir sense problema a Nador, creuar a Melilla i despr\u00e9s de tornar. Tot i aix\u00f2, hi ha moltes persones que volen fer-ho i s\u00f3n rebutjats pel seu color de pell. Aquestes persones acaben jugant-se la vida, intentant saltar una tanca immensa, plena de riscos per cridar \u201cBoza\u201d i arribar a all\u00f2 que en teoria els donar\u00e0 una vida millor. I el pitjor \u00e9s que tu saps que aquesta vida millor no ho \u00e9s tant, ja que la nostra acollida no podria ser pitjor. Me&#8217;n vaig recordar d&#8217;Almeria i de les persones que hi havia vist en barraques mentre veia que altres continuen intentant saltar i no perden l&#8217;esperan\u00e7a. No pots l\u00f2gicament dir res perqu\u00e8 ells ja no tenen una altra alternativa, han de seguir endavant, per\u00f2 en aquells moments em vaig sentir una mica perduda, nom\u00e9s podent pensar en el patiment i la lluita que vivien di\u00e0riament.<\/p>\n\n<p class=\"wp-block-paragraph\">Tanmateix, tamb\u00e9 vaig poder veure com les mans de D\u00e9u eren all\u00e0, a trav\u00e9s de persones que dia a dia intenten acostar-se als migrants i fer-li una vida una mica m\u00e9s f\u00e0cil. Vaig poder veure com a la Delegaci\u00f3 Diocesana de Migracions estava formada per persones de diferents cultures, per\u00f2 que convivien i lluitaven pel mateix, per acompanyar i ajudar tots aquests migrants a qui tanta falta els fa.<\/p>\n\n<p class=\"wp-block-paragraph\">Tot i totes les preguntes, nom\u00e9s puc donar gr\u00e0cies a totes les persones que han fet possible aquesta experi\u00e8ncia i als meus companys, el Marco i la Pilar, que m&#8217;han acompanyat en tot el trajecte. Crec que despr\u00e9s de tot, el que \u00e9s important no \u00e9s trobar respostes a totes aquestes preguntes sin\u00f3 no apartar la vista i ser conscient de la realitat per aix\u00ed poder actuar en conseq\u00fc\u00e8ncia.<\/p>\n\n<p class=\"wp-block-paragraph\"><\/p>\n\n<p class=\"wp-block-paragraph\">Ana Bel\u00e9n Taviel<\/p>\n\n<p class=\"wp-block-paragraph\">Participant experi\u00e8ncia Tarik Ema\u00fas<\/p>\n","protected":false},"excerpt":{"rendered":"<p>Participar en l&#8217;experi\u00e8ncia Tarik-Ema\u00fas significava sortir de la meva zona de confort, atrevir-me a con\u00e8ixer una altra realitat i veure qu\u00e8 podia suposar aix\u00f2 a la meva vida. Va ser [&hellip;]<\/p>\n","protected":false},"author":4,"featured_media":29415,"comment_status":"open","ping_status":"closed","sticky":false,"template":"","format":"standard","meta":{"_et_pb_use_builder":"","_et_pb_old_content":"","_et_gb_content_width":"","_price":"","_stock":"","_tribe_ticket_header":"","_tribe_default_ticket_provider":"","_tribe_ticket_capacity":"0","_ticket_start_date":"","_ticket_end_date":"","_tribe_ticket_show_description":"","_tribe_ticket_show_not_going":false,"_tribe_ticket_use_global_stock":"","_tribe_ticket_global_stock_level":"","_global_stock_mode":"","_global_stock_cap":"","_tribe_rsvp_for_event":"","_tribe_ticket_going_count":"","_tribe_ticket_not_going_count":"","_tribe_tickets_list":"[]","_tribe_ticket_has_attendee_info_fields":false,"footnotes":""},"categories":[504,505,432],"tags":[],"class_list":["post-29487","post","type-post","status-publish","format-standard","has-post-thumbnail","hentry","category-migracions","category-tarik-emaus-ca","category-uncategorized-ca"],"yoast_head":"<!-- This site is optimized with the Yoast SEO plugin v27.9 - https:\/\/yoast.com\/product\/yoast-seo-wordpress\/ -->\n<title>Ecos de l&#039;experi\u00e8ncia-ruta Tarik Ema\u00fas - CVX en Espa\u00f1a<\/title>\n<meta name=\"robots\" content=\"index, follow, max-snippet:-1, max-image-preview:large, max-video-preview:-1\" \/>\n<link rel=\"canonical\" href=\"https:\/\/cvx-e.es\/ca\/uncategorized-ca\/ecos-de-lexperiencia-ruta-tarik-emaus\/\" \/>\n<meta property=\"og:locale\" content=\"ca_ES\" \/>\n<meta property=\"og:type\" content=\"article\" \/>\n<meta property=\"og:title\" content=\"Ecos de l&#039;experi\u00e8ncia-ruta Tarik Ema\u00fas - CVX en Espa\u00f1a\" \/>\n<meta property=\"og:description\" content=\"Participar en l&#8217;experi\u00e8ncia Tarik-Ema\u00fas significava sortir de la meva zona de confort, atrevir-me a con\u00e8ixer una altra realitat i veure qu\u00e8 podia suposar aix\u00f2 a la meva vida. Va ser [&hellip;]\" \/>\n<meta property=\"og:url\" content=\"https:\/\/cvx-e.es\/ca\/uncategorized-ca\/ecos-de-lexperiencia-ruta-tarik-emaus\/\" \/>\n<meta property=\"og:site_name\" content=\"CVX en Espa\u00f1a\" \/>\n<meta property=\"article:published_time\" content=\"2022-09-16T09:00:08+00:00\" \/>\n<meta property=\"article:modified_time\" content=\"2022-09-16T11:17:38+00:00\" \/>\n<meta property=\"og:image\" content=\"https:\/\/cvx-e.es\/wp-content\/uploads\/2022\/09\/front-sur.jpg\" \/>\n\t<meta property=\"og:image:width\" content=\"1536\" \/>\n\t<meta property=\"og:image:height\" content=\"1128\" \/>\n\t<meta property=\"og:image:type\" content=\"image\/jpeg\" \/>\n<meta name=\"author\" content=\"Administracion\" \/>\n<meta name=\"twitter:card\" content=\"summary_large_image\" \/>\n<meta name=\"twitter:label1\" content=\"Escrit per\" \/>\n\t<meta name=\"twitter:data1\" content=\"Administracion\" \/>\n\t<meta name=\"twitter:label2\" content=\"Temps estimat de lectura\" \/>\n\t<meta name=\"twitter:data2\" content=\"5 minuts\" \/>\n<script type=\"application\/ld+json\" class=\"yoast-schema-graph\">{\"@context\":\"https:\\\/\\\/schema.org\",\"@graph\":[{\"@type\":\"Article\",\"@id\":\"https:\\\/\\\/cvx-e.es\\\/ca\\\/uncategorized-ca\\\/ecos-de-lexperiencia-ruta-tarik-emaus\\\/#article\",\"isPartOf\":{\"@id\":\"https:\\\/\\\/cvx-e.es\\\/ca\\\/uncategorized-ca\\\/ecos-de-lexperiencia-ruta-tarik-emaus\\\/\"},\"author\":{\"name\":\"Administracion\",\"@id\":\"https:\\\/\\\/cvx-e.es\\\/ca\\\/#\\\/schema\\\/person\\\/9e98df936af8ab13b1c160d256dacf62\"},\"headline\":\"Ecos de l&#8217;experi\u00e8ncia-ruta Tarik Ema\u00fas\",\"datePublished\":\"2022-09-16T09:00:08+00:00\",\"dateModified\":\"2022-09-16T11:17:38+00:00\",\"mainEntityOfPage\":{\"@id\":\"https:\\\/\\\/cvx-e.es\\\/ca\\\/uncategorized-ca\\\/ecos-de-lexperiencia-ruta-tarik-emaus\\\/\"},\"wordCount\":981,\"commentCount\":1,\"image\":{\"@id\":\"https:\\\/\\\/cvx-e.es\\\/ca\\\/uncategorized-ca\\\/ecos-de-lexperiencia-ruta-tarik-emaus\\\/#primaryimage\"},\"thumbnailUrl\":\"https:\\\/\\\/cvx-e.es\\\/wp-content\\\/uploads\\\/2022\\\/09\\\/front-sur.jpg\",\"articleSection\":[\"Migracions\",\"Tarik Ema\u00fas\",\"Uncategorized @ca\"],\"inLanguage\":\"ca\",\"potentialAction\":[{\"@type\":\"CommentAction\",\"name\":\"Comment\",\"target\":[\"https:\\\/\\\/cvx-e.es\\\/ca\\\/uncategorized-ca\\\/ecos-de-lexperiencia-ruta-tarik-emaus\\\/#respond\"]}]},{\"@type\":\"WebPage\",\"@id\":\"https:\\\/\\\/cvx-e.es\\\/ca\\\/uncategorized-ca\\\/ecos-de-lexperiencia-ruta-tarik-emaus\\\/\",\"url\":\"https:\\\/\\\/cvx-e.es\\\/ca\\\/uncategorized-ca\\\/ecos-de-lexperiencia-ruta-tarik-emaus\\\/\",\"name\":\"Ecos de l'experi\u00e8ncia-ruta Tarik Ema\u00fas - CVX en Espa\u00f1a\",\"isPartOf\":{\"@id\":\"https:\\\/\\\/cvx-e.es\\\/ca\\\/#website\"},\"primaryImageOfPage\":{\"@id\":\"https:\\\/\\\/cvx-e.es\\\/ca\\\/uncategorized-ca\\\/ecos-de-lexperiencia-ruta-tarik-emaus\\\/#primaryimage\"},\"image\":{\"@id\":\"https:\\\/\\\/cvx-e.es\\\/ca\\\/uncategorized-ca\\\/ecos-de-lexperiencia-ruta-tarik-emaus\\\/#primaryimage\"},\"thumbnailUrl\":\"https:\\\/\\\/cvx-e.es\\\/wp-content\\\/uploads\\\/2022\\\/09\\\/front-sur.jpg\",\"datePublished\":\"2022-09-16T09:00:08+00:00\",\"dateModified\":\"2022-09-16T11:17:38+00:00\",\"author\":{\"@id\":\"https:\\\/\\\/cvx-e.es\\\/ca\\\/#\\\/schema\\\/person\\\/9e98df936af8ab13b1c160d256dacf62\"},\"breadcrumb\":{\"@id\":\"https:\\\/\\\/cvx-e.es\\\/ca\\\/uncategorized-ca\\\/ecos-de-lexperiencia-ruta-tarik-emaus\\\/#breadcrumb\"},\"inLanguage\":\"ca\",\"potentialAction\":[{\"@type\":\"ReadAction\",\"target\":[\"https:\\\/\\\/cvx-e.es\\\/ca\\\/uncategorized-ca\\\/ecos-de-lexperiencia-ruta-tarik-emaus\\\/\"]}]},{\"@type\":\"ImageObject\",\"inLanguage\":\"ca\",\"@id\":\"https:\\\/\\\/cvx-e.es\\\/ca\\\/uncategorized-ca\\\/ecos-de-lexperiencia-ruta-tarik-emaus\\\/#primaryimage\",\"url\":\"https:\\\/\\\/cvx-e.es\\\/wp-content\\\/uploads\\\/2022\\\/09\\\/front-sur.jpg\",\"contentUrl\":\"https:\\\/\\\/cvx-e.es\\\/wp-content\\\/uploads\\\/2022\\\/09\\\/front-sur.jpg\",\"width\":1536,\"height\":1128},{\"@type\":\"BreadcrumbList\",\"@id\":\"https:\\\/\\\/cvx-e.es\\\/ca\\\/uncategorized-ca\\\/ecos-de-lexperiencia-ruta-tarik-emaus\\\/#breadcrumb\",\"itemListElement\":[{\"@type\":\"ListItem\",\"position\":1,\"name\":\"Inicio\",\"item\":\"https:\\\/\\\/cvx-e.es\\\/ca\\\/\"},{\"@type\":\"ListItem\",\"position\":2,\"name\":\"Uncategorized @ca\",\"item\":\"https:\\\/\\\/cvx-e.es\\\/ca\\\/categoria\\\/uncategorized-ca\\\/\"},{\"@type\":\"ListItem\",\"position\":3,\"name\":\"Ecos de l&#8217;experi\u00e8ncia-ruta Tarik Ema\u00fas\"}]},{\"@type\":\"WebSite\",\"@id\":\"https:\\\/\\\/cvx-e.es\\\/ca\\\/#website\",\"url\":\"https:\\\/\\\/cvx-e.es\\\/ca\\\/\",\"name\":\"CVX en Espa\u00f1a\",\"description\":\"Comunidad de Vida Cristiana Ignaciana\",\"potentialAction\":[{\"@type\":\"SearchAction\",\"target\":{\"@type\":\"EntryPoint\",\"urlTemplate\":\"https:\\\/\\\/cvx-e.es\\\/ca\\\/?s={search_term_string}\"},\"query-input\":{\"@type\":\"PropertyValueSpecification\",\"valueRequired\":true,\"valueName\":\"search_term_string\"}}],\"inLanguage\":\"ca\"},{\"@type\":\"Person\",\"@id\":\"https:\\\/\\\/cvx-e.es\\\/ca\\\/#\\\/schema\\\/person\\\/9e98df936af8ab13b1c160d256dacf62\",\"name\":\"Administracion\",\"image\":{\"@type\":\"ImageObject\",\"inLanguage\":\"ca\",\"@id\":\"https:\\\/\\\/secure.gravatar.com\\\/avatar\\\/4d4a7c0d6994093bfe79a47ddefe834b7cbbfdfba11069c651235157ee57411b?s=96&d=mm&r=g\",\"url\":\"https:\\\/\\\/secure.gravatar.com\\\/avatar\\\/4d4a7c0d6994093bfe79a47ddefe834b7cbbfdfba11069c651235157ee57411b?s=96&d=mm&r=g\",\"contentUrl\":\"https:\\\/\\\/secure.gravatar.com\\\/avatar\\\/4d4a7c0d6994093bfe79a47ddefe834b7cbbfdfba11069c651235157ee57411b?s=96&d=mm&r=g\",\"caption\":\"Administracion\"},\"url\":\"https:\\\/\\\/cvx-e.es\\\/ca\\\/author\\\/administracion\\\/\"}]}<\/script>\n<!-- \/ Yoast SEO plugin. -->","yoast_head_json":{"title":"Ecos de l'experi\u00e8ncia-ruta Tarik Ema\u00fas - CVX en Espa\u00f1a","robots":{"index":"index","follow":"follow","max-snippet":"max-snippet:-1","max-image-preview":"max-image-preview:large","max-video-preview":"max-video-preview:-1"},"canonical":"https:\/\/cvx-e.es\/ca\/uncategorized-ca\/ecos-de-lexperiencia-ruta-tarik-emaus\/","og_locale":"ca_ES","og_type":"article","og_title":"Ecos de l'experi\u00e8ncia-ruta Tarik Ema\u00fas - CVX en Espa\u00f1a","og_description":"Participar en l&#8217;experi\u00e8ncia Tarik-Ema\u00fas significava sortir de la meva zona de confort, atrevir-me a con\u00e8ixer una altra realitat i veure qu\u00e8 podia suposar aix\u00f2 a la meva vida. Va ser [&hellip;]","og_url":"https:\/\/cvx-e.es\/ca\/uncategorized-ca\/ecos-de-lexperiencia-ruta-tarik-emaus\/","og_site_name":"CVX en Espa\u00f1a","article_published_time":"2022-09-16T09:00:08+00:00","article_modified_time":"2022-09-16T11:17:38+00:00","og_image":[{"width":1536,"height":1128,"url":"https:\/\/cvx-e.es\/wp-content\/uploads\/2022\/09\/front-sur.jpg","type":"image\/jpeg"}],"author":"Administracion","twitter_card":"summary_large_image","twitter_misc":{"Escrit per":"Administracion","Temps estimat de lectura":"5 minuts"},"schema":{"@context":"https:\/\/schema.org","@graph":[{"@type":"Article","@id":"https:\/\/cvx-e.es\/ca\/uncategorized-ca\/ecos-de-lexperiencia-ruta-tarik-emaus\/#article","isPartOf":{"@id":"https:\/\/cvx-e.es\/ca\/uncategorized-ca\/ecos-de-lexperiencia-ruta-tarik-emaus\/"},"author":{"name":"Administracion","@id":"https:\/\/cvx-e.es\/ca\/#\/schema\/person\/9e98df936af8ab13b1c160d256dacf62"},"headline":"Ecos de l&#8217;experi\u00e8ncia-ruta Tarik Ema\u00fas","datePublished":"2022-09-16T09:00:08+00:00","dateModified":"2022-09-16T11:17:38+00:00","mainEntityOfPage":{"@id":"https:\/\/cvx-e.es\/ca\/uncategorized-ca\/ecos-de-lexperiencia-ruta-tarik-emaus\/"},"wordCount":981,"commentCount":1,"image":{"@id":"https:\/\/cvx-e.es\/ca\/uncategorized-ca\/ecos-de-lexperiencia-ruta-tarik-emaus\/#primaryimage"},"thumbnailUrl":"https:\/\/cvx-e.es\/wp-content\/uploads\/2022\/09\/front-sur.jpg","articleSection":["Migracions","Tarik Ema\u00fas","Uncategorized @ca"],"inLanguage":"ca","potentialAction":[{"@type":"CommentAction","name":"Comment","target":["https:\/\/cvx-e.es\/ca\/uncategorized-ca\/ecos-de-lexperiencia-ruta-tarik-emaus\/#respond"]}]},{"@type":"WebPage","@id":"https:\/\/cvx-e.es\/ca\/uncategorized-ca\/ecos-de-lexperiencia-ruta-tarik-emaus\/","url":"https:\/\/cvx-e.es\/ca\/uncategorized-ca\/ecos-de-lexperiencia-ruta-tarik-emaus\/","name":"Ecos de l'experi\u00e8ncia-ruta Tarik Ema\u00fas - CVX en Espa\u00f1a","isPartOf":{"@id":"https:\/\/cvx-e.es\/ca\/#website"},"primaryImageOfPage":{"@id":"https:\/\/cvx-e.es\/ca\/uncategorized-ca\/ecos-de-lexperiencia-ruta-tarik-emaus\/#primaryimage"},"image":{"@id":"https:\/\/cvx-e.es\/ca\/uncategorized-ca\/ecos-de-lexperiencia-ruta-tarik-emaus\/#primaryimage"},"thumbnailUrl":"https:\/\/cvx-e.es\/wp-content\/uploads\/2022\/09\/front-sur.jpg","datePublished":"2022-09-16T09:00:08+00:00","dateModified":"2022-09-16T11:17:38+00:00","author":{"@id":"https:\/\/cvx-e.es\/ca\/#\/schema\/person\/9e98df936af8ab13b1c160d256dacf62"},"breadcrumb":{"@id":"https:\/\/cvx-e.es\/ca\/uncategorized-ca\/ecos-de-lexperiencia-ruta-tarik-emaus\/#breadcrumb"},"inLanguage":"ca","potentialAction":[{"@type":"ReadAction","target":["https:\/\/cvx-e.es\/ca\/uncategorized-ca\/ecos-de-lexperiencia-ruta-tarik-emaus\/"]}]},{"@type":"ImageObject","inLanguage":"ca","@id":"https:\/\/cvx-e.es\/ca\/uncategorized-ca\/ecos-de-lexperiencia-ruta-tarik-emaus\/#primaryimage","url":"https:\/\/cvx-e.es\/wp-content\/uploads\/2022\/09\/front-sur.jpg","contentUrl":"https:\/\/cvx-e.es\/wp-content\/uploads\/2022\/09\/front-sur.jpg","width":1536,"height":1128},{"@type":"BreadcrumbList","@id":"https:\/\/cvx-e.es\/ca\/uncategorized-ca\/ecos-de-lexperiencia-ruta-tarik-emaus\/#breadcrumb","itemListElement":[{"@type":"ListItem","position":1,"name":"Inicio","item":"https:\/\/cvx-e.es\/ca\/"},{"@type":"ListItem","position":2,"name":"Uncategorized @ca","item":"https:\/\/cvx-e.es\/ca\/categoria\/uncategorized-ca\/"},{"@type":"ListItem","position":3,"name":"Ecos de l&#8217;experi\u00e8ncia-ruta Tarik Ema\u00fas"}]},{"@type":"WebSite","@id":"https:\/\/cvx-e.es\/ca\/#website","url":"https:\/\/cvx-e.es\/ca\/","name":"CVX en Espa\u00f1a","description":"Comunidad de Vida Cristiana Ignaciana","potentialAction":[{"@type":"SearchAction","target":{"@type":"EntryPoint","urlTemplate":"https:\/\/cvx-e.es\/ca\/?s={search_term_string}"},"query-input":{"@type":"PropertyValueSpecification","valueRequired":true,"valueName":"search_term_string"}}],"inLanguage":"ca"},{"@type":"Person","@id":"https:\/\/cvx-e.es\/ca\/#\/schema\/person\/9e98df936af8ab13b1c160d256dacf62","name":"Administracion","image":{"@type":"ImageObject","inLanguage":"ca","@id":"https:\/\/secure.gravatar.com\/avatar\/4d4a7c0d6994093bfe79a47ddefe834b7cbbfdfba11069c651235157ee57411b?s=96&d=mm&r=g","url":"https:\/\/secure.gravatar.com\/avatar\/4d4a7c0d6994093bfe79a47ddefe834b7cbbfdfba11069c651235157ee57411b?s=96&d=mm&r=g","contentUrl":"https:\/\/secure.gravatar.com\/avatar\/4d4a7c0d6994093bfe79a47ddefe834b7cbbfdfba11069c651235157ee57411b?s=96&d=mm&r=g","caption":"Administracion"},"url":"https:\/\/cvx-e.es\/ca\/author\/administracion\/"}]}},"post_mailing_queue_ids":[],"_links":{"self":[{"href":"https:\/\/cvx-e.es\/ca\/wp-json\/wp\/v2\/posts\/29487","targetHints":{"allow":["GET"]}}],"collection":[{"href":"https:\/\/cvx-e.es\/ca\/wp-json\/wp\/v2\/posts"}],"about":[{"href":"https:\/\/cvx-e.es\/ca\/wp-json\/wp\/v2\/types\/post"}],"author":[{"embeddable":true,"href":"https:\/\/cvx-e.es\/ca\/wp-json\/wp\/v2\/users\/4"}],"replies":[{"embeddable":true,"href":"https:\/\/cvx-e.es\/ca\/wp-json\/wp\/v2\/comments?post=29487"}],"version-history":[{"count":0,"href":"https:\/\/cvx-e.es\/ca\/wp-json\/wp\/v2\/posts\/29487\/revisions"}],"wp:featuredmedia":[{"embeddable":true,"href":"https:\/\/cvx-e.es\/ca\/wp-json\/wp\/v2\/media\/29415"}],"wp:attachment":[{"href":"https:\/\/cvx-e.es\/ca\/wp-json\/wp\/v2\/media?parent=29487"}],"wp:term":[{"taxonomy":"category","embeddable":true,"href":"https:\/\/cvx-e.es\/ca\/wp-json\/wp\/v2\/categories?post=29487"},{"taxonomy":"post_tag","embeddable":true,"href":"https:\/\/cvx-e.es\/ca\/wp-json\/wp\/v2\/tags?post=29487"}],"curies":[{"name":"wp","href":"https:\/\/api.w.org\/{rel}","templated":true}]}}