{"id":30813,"date":"2022-11-01T10:30:00","date_gmt":"2022-11-01T09:30:00","guid":{"rendered":"https:\/\/cvx-e.es\/?p=30813"},"modified":"2022-10-27T12:45:01","modified_gmt":"2022-10-27T10:45:01","slug":"tot-recordant-la-nuria","status":"publish","type":"post","link":"https:\/\/cvx-e.es\/ca\/uncategorized-ca\/tot-recordant-la-nuria\/","title":{"rendered":"Tot recordant la N\u00faria"},"content":{"rendered":"\n<p class=\"wp-block-paragraph\"><\/p>\n\n<p class=\"wp-block-paragraph\">El proppassat diumenge 9 d\u2019octubre, en la Preg\u00e0ria Inicial de la trobada comunit\u00e0ria d\u2019inici de curs de la Comunitat Pere Favre de Barcelona, vam recordar la N\u00faria Serrallonga i Tintor\u00e9, actualment membre d\u2019aquesta comunitat.<\/p>\n\n<p class=\"wp-block-paragraph\">La N\u00faria ens va deixar aquest estiu . El dia 15 d\u2019agost (dia de la Mare de D\u00e9u) de 2022 en f\u00e8iem el funeral; una celebraci\u00f3 emotiva , molt sentida, on es va visualitzar que la N\u00faria era una gran persona en tots els \u00e0mbits per on es movia (fam\u00edlia, Hospital de Sant Joan de D\u00e9u, germanes oblates, col\u00b7laboraci\u00f3 amb un projecte de solidaritat amb el Vietnam, CVX..)<\/p>\n\n<p class=\"wp-block-paragraph\">Molt arrelada a la comunitat de Berchmans en els seus or\u00edgens (fa m\u00e9s de trenta anys), va anar passant per les comunitats de Galilea, la Vinya-Galilea, i, finalment, Pere Favre. Va deixar amistat profunda en els grups on va pert\u00e0nyer i.. un cert patiment cada cop que s\u2019acomiadava d\u2019una comunitat.<\/p>\n\n<p class=\"wp-block-paragraph\">Una companya de la comunitat actual, la Rosa, la descriu aix\u00ed:<\/p>\n\n<p class=\"wp-block-paragraph\">\u201cTot reCORdant la N\u00faria&#8230;<\/p>\n\n<p class=\"wp-block-paragraph\">&#8230;la noia del somriure t\u00edmid i dol\u00e7 i tamb\u00e9 de la riallada contagiosa provocada per situacions que per a ella eren inexplicables. Per exemple, quan aparegueren al seu m\u00f2bil unes persones \u00edndies desconegudes en una de les connexions per internet en temps de pand\u00e8mia o quan no entenia la complexitat de les estructures que f\u00e8iem els humans a l&#8217;hora de crear una comunitat. La neguitejava, no sabia on ubicar-se ni si era aquell el seu lloc, tamb\u00e9 per honestedat amb els que ho veien clar.<\/p>\n\n<p class=\"wp-block-paragraph\">Per a ella, la seva intu\u00efci\u00f3, \u00e9s que tot era molt m\u00e9s simple&#8230;per a qui estima, tot \u00e9s molt simple&#8230;senzillament buscava l&#8217;eina que l&#8217;ajud\u00e9s a discernir una vida lliurada, sobretot, als malalts (els infants i els seus pares) i a buscar i trobar D\u00e9u a la vida quotidiana per fer, sense saber-ho i, si cal, amb sobreesfor\u00e7os, extraordinari all\u00f2 ordinari.<\/p>\n\n<p class=\"wp-block-paragraph\">&#8230;la noia que <em>sempre hi era<\/em>&#8230;en els catecumenats, eucaristies, pasq\u00fces&#8230;<\/p>\n\n<p class=\"wp-block-paragraph\">&#8230;la noia d&#8217;escolta atenta, escolta que guarda al cor i processa&#8230;anota a la llibreta per tenir-ho ben present i rumiar-ho pausadament&#8230;no era un protocol. A la recollida final de la trobada, ens en feia ress\u00f2. Sortia de si escoltant l&#8217;altre i no buscant l&#8217;autocentrament.<\/p>\n\n<p class=\"wp-block-paragraph\">D&#8217;aquella llibreta tamb\u00e9 ens arribava la seva vida, encara que t\u00edmidament, reservadament. Ens compartia els seus anhels, els seus desitjos, els seus amors&#8230;sempre a l&#8217;entorn de la fam\u00edlia, dels coneguts, dels m\u00e9s necessitats, de la professi\u00f3 (entesa com a ajut incondicional per alleujar i sanar (humanitzar) integralment). En tot, no exempt de patiment, feia el possible i l&#8217;impossible!<\/p>\n\n<p class=\"wp-block-paragraph\">La not\u00edcia de la seva parten\u00e7a provoc\u00e0 un fort impacte humanament parlant: una punxada al cor, una negaci\u00f3 reiterada, el dolor de la separaci\u00f3 f\u00edsica i de no poder-la acompanyar en el comiat.* Espiritualment, per\u00f2, brollava la certesa, la convicci\u00f3 profunda de sentir-la radiant, alliberada (amb aquella rialla explosiva) de tota limitaci\u00f3 i desbordant de plenitud i lluminositat. \u201c<\/p>\n\n<p class=\"wp-block-paragraph\">Els membres de la comunitat Pere Favre hem estat testimonis de les qualitats de la N\u00faria: generositat, fortalesa, fragilitat, atenci\u00f3, estimaci\u00f3, lliurament, escolta profunda, senzillesa, bondat, tendresa com-passiva, disponibilitat, un referent de vida, naturalitat, transpar\u00e8ncia.<\/p>\n\n<p class=\"wp-block-paragraph\">Gr\u00e0cies Senyor per aquest \u00c0ngel que ens vas donar, especialment als nens i nenes i als m\u00e9s necessitats; com un fil que anava teixint el Regne per all\u00e0 on passava.<\/p>\n\n<p class=\"wp-block-paragraph\">Un dia vas dir que t\u2019imaginaves el trasp\u00e0s a l\u2019altra vida rebent una gran abra\u00e7ada del Pare. N\u2019estem segurs que aix\u00ed ha estat!<\/p>\n\n<p class=\"wp-block-paragraph\">GR\u00c0CIES N\u00daRIA!<\/p>\n\n<p class=\"wp-block-paragraph\">*COR, en castellano CORAZ\u00d3N<\/p>\n\n<p class=\"wp-block-paragraph\">*Al ser en ple estiu algunes persones no van poder venir al funeral.<\/p>\n\n<p class=\"wp-block-paragraph\"><\/p>\n\n<p class=\"wp-block-paragraph\">Comunitat Pere Favre en Barcelona<\/p>\n\n<p class=\"wp-block-paragraph\"><\/p>\n\n<figure class=\"wp-block-gallery has-nested-images columns-default is-cropped wp-block-gallery-1 is-layout-flex wp-block-gallery-is-layout-flex\">\n<figure class=\"wp-block-image size-large\"><img loading=\"lazy\" decoding=\"async\" width=\"1024\" height=\"576\" data-id=\"30802\" src=\"https:\/\/cvx-e.es\/wp-content\/uploads\/2022\/10\/a-nuria-1024x576.jpeg\" alt=\"\" class=\"wp-image-30802\" srcset=\"https:\/\/cvx-e.es\/wp-content\/uploads\/2022\/10\/a-nuria-980x551.jpeg 980w, https:\/\/cvx-e.es\/wp-content\/uploads\/2022\/10\/a-nuria-480x270.jpeg 480w\" sizes=\"(min-width: 0px) and (max-width: 480px) 480px, (min-width: 481px) and (max-width: 980px) 980px, (min-width: 981px) 1024px, 100vw\" \/><\/figure>\n\n\n\n<figure class=\"wp-block-image size-large\"><img loading=\"lazy\" decoding=\"async\" width=\"1024\" height=\"768\" data-id=\"30807\" src=\"https:\/\/cvx-e.es\/wp-content\/uploads\/2022\/10\/recordando-1-1024x768.jpeg\" alt=\"\" class=\"wp-image-30807\" srcset=\"https:\/\/cvx-e.es\/wp-content\/uploads\/2022\/10\/recordando-1-980x735.jpeg 980w, https:\/\/cvx-e.es\/wp-content\/uploads\/2022\/10\/recordando-1-480x360.jpeg 480w\" sizes=\"(min-width: 0px) and (max-width: 480px) 480px, (min-width: 481px) and (max-width: 980px) 980px, (min-width: 981px) 1024px, 100vw\" \/><\/figure>\n<\/figure>\n","protected":false},"excerpt":{"rendered":"<p>El proppassat diumenge 9 d\u2019octubre, en la Preg\u00e0ria Inicial de la trobada comunit\u00e0ria d\u2019inici de curs de la Comunitat Pere Favre de Barcelona, vam recordar la N\u00faria Serrallonga i Tintor\u00e9, [&hellip;]<\/p>\n","protected":false},"author":4,"featured_media":30799,"comment_status":"open","ping_status":"closed","sticky":false,"template":"","format":"standard","meta":{"_et_pb_use_builder":"","_et_pb_old_content":"","_et_gb_content_width":"","_price":"","_stock":"","_tribe_ticket_header":"","_tribe_default_ticket_provider":"","_tribe_ticket_capacity":"0","_ticket_start_date":"","_ticket_end_date":"","_tribe_ticket_show_description":"","_tribe_ticket_show_not_going":false,"_tribe_ticket_use_global_stock":"","_tribe_ticket_global_stock_level":"","_global_stock_mode":"","_global_stock_cap":"","_tribe_rsvp_for_event":"","_tribe_ticket_going_count":"","_tribe_ticket_not_going_count":"","_tribe_tickets_list":"[]","_tribe_ticket_has_attendee_info_fields":false,"footnotes":""},"categories":[516,432],"tags":[],"class_list":["post-30813","post","type-post","status-publish","format-standard","has-post-thumbnail","hentry","category-comunitats","category-uncategorized-ca"],"yoast_head":"<!-- This site is optimized with the Yoast SEO plugin v27.9 - https:\/\/yoast.com\/product\/yoast-seo-wordpress\/ -->\n<title>Tot recordant la N\u00faria - CVX en Espa\u00f1a<\/title>\n<meta name=\"robots\" content=\"index, follow, max-snippet:-1, max-image-preview:large, max-video-preview:-1\" \/>\n<link rel=\"canonical\" href=\"https:\/\/cvx-e.es\/ca\/uncategorized-ca\/tot-recordant-la-nuria\/\" \/>\n<meta property=\"og:locale\" content=\"ca_ES\" \/>\n<meta property=\"og:type\" content=\"article\" \/>\n<meta property=\"og:title\" content=\"Tot recordant la N\u00faria - CVX en Espa\u00f1a\" \/>\n<meta property=\"og:description\" content=\"El proppassat diumenge 9 d\u2019octubre, en la Preg\u00e0ria Inicial de la trobada comunit\u00e0ria d\u2019inici de curs de la Comunitat Pere Favre de Barcelona, vam recordar la N\u00faria Serrallonga i Tintor\u00e9, [&hellip;]\" \/>\n<meta property=\"og:url\" content=\"https:\/\/cvx-e.es\/ca\/uncategorized-ca\/tot-recordant-la-nuria\/\" \/>\n<meta property=\"og:site_name\" content=\"CVX en Espa\u00f1a\" \/>\n<meta property=\"article:published_time\" content=\"2022-11-01T09:30:00+00:00\" \/>\n<meta property=\"og:image\" content=\"https:\/\/cvx-e.es\/wp-content\/uploads\/2022\/10\/recordando.jpeg\" \/>\n\t<meta property=\"og:image:width\" content=\"2000\" \/>\n\t<meta property=\"og:image:height\" content=\"1500\" \/>\n\t<meta property=\"og:image:type\" content=\"image\/jpeg\" \/>\n<meta name=\"author\" content=\"Administracion\" \/>\n<meta name=\"twitter:card\" content=\"summary_large_image\" \/>\n<meta name=\"twitter:label1\" content=\"Escrit per\" \/>\n\t<meta name=\"twitter:data1\" content=\"Administracion\" \/>\n\t<meta name=\"twitter:label2\" content=\"Temps estimat de lectura\" \/>\n\t<meta name=\"twitter:data2\" content=\"3 minuts\" \/>\n<script type=\"application\/ld+json\" class=\"yoast-schema-graph\">{\"@context\":\"https:\\\/\\\/schema.org\",\"@graph\":[{\"@type\":\"Article\",\"@id\":\"https:\\\/\\\/cvx-e.es\\\/ca\\\/uncategorized-ca\\\/tot-recordant-la-nuria\\\/#article\",\"isPartOf\":{\"@id\":\"https:\\\/\\\/cvx-e.es\\\/ca\\\/uncategorized-ca\\\/tot-recordant-la-nuria\\\/\"},\"author\":{\"name\":\"Administracion\",\"@id\":\"https:\\\/\\\/cvx-e.es\\\/ca\\\/#\\\/schema\\\/person\\\/9e98df936af8ab13b1c160d256dacf62\"},\"headline\":\"Tot recordant la N\u00faria\",\"datePublished\":\"2022-11-01T09:30:00+00:00\",\"mainEntityOfPage\":{\"@id\":\"https:\\\/\\\/cvx-e.es\\\/ca\\\/uncategorized-ca\\\/tot-recordant-la-nuria\\\/\"},\"wordCount\":657,\"commentCount\":0,\"image\":{\"@id\":\"https:\\\/\\\/cvx-e.es\\\/ca\\\/uncategorized-ca\\\/tot-recordant-la-nuria\\\/#primaryimage\"},\"thumbnailUrl\":\"https:\\\/\\\/cvx-e.es\\\/wp-content\\\/uploads\\\/2022\\\/10\\\/recordando.jpeg\",\"articleSection\":[\"Comunitats\",\"Uncategorized @ca\"],\"inLanguage\":\"ca\",\"potentialAction\":[{\"@type\":\"CommentAction\",\"name\":\"Comment\",\"target\":[\"https:\\\/\\\/cvx-e.es\\\/ca\\\/uncategorized-ca\\\/tot-recordant-la-nuria\\\/#respond\"]}]},{\"@type\":\"WebPage\",\"@id\":\"https:\\\/\\\/cvx-e.es\\\/ca\\\/uncategorized-ca\\\/tot-recordant-la-nuria\\\/\",\"url\":\"https:\\\/\\\/cvx-e.es\\\/ca\\\/uncategorized-ca\\\/tot-recordant-la-nuria\\\/\",\"name\":\"Tot recordant la N\u00faria - CVX en Espa\u00f1a\",\"isPartOf\":{\"@id\":\"https:\\\/\\\/cvx-e.es\\\/ca\\\/#website\"},\"primaryImageOfPage\":{\"@id\":\"https:\\\/\\\/cvx-e.es\\\/ca\\\/uncategorized-ca\\\/tot-recordant-la-nuria\\\/#primaryimage\"},\"image\":{\"@id\":\"https:\\\/\\\/cvx-e.es\\\/ca\\\/uncategorized-ca\\\/tot-recordant-la-nuria\\\/#primaryimage\"},\"thumbnailUrl\":\"https:\\\/\\\/cvx-e.es\\\/wp-content\\\/uploads\\\/2022\\\/10\\\/recordando.jpeg\",\"datePublished\":\"2022-11-01T09:30:00+00:00\",\"author\":{\"@id\":\"https:\\\/\\\/cvx-e.es\\\/ca\\\/#\\\/schema\\\/person\\\/9e98df936af8ab13b1c160d256dacf62\"},\"breadcrumb\":{\"@id\":\"https:\\\/\\\/cvx-e.es\\\/ca\\\/uncategorized-ca\\\/tot-recordant-la-nuria\\\/#breadcrumb\"},\"inLanguage\":\"ca\",\"potentialAction\":[{\"@type\":\"ReadAction\",\"target\":[\"https:\\\/\\\/cvx-e.es\\\/ca\\\/uncategorized-ca\\\/tot-recordant-la-nuria\\\/\"]}]},{\"@type\":\"ImageObject\",\"inLanguage\":\"ca\",\"@id\":\"https:\\\/\\\/cvx-e.es\\\/ca\\\/uncategorized-ca\\\/tot-recordant-la-nuria\\\/#primaryimage\",\"url\":\"https:\\\/\\\/cvx-e.es\\\/wp-content\\\/uploads\\\/2022\\\/10\\\/recordando.jpeg\",\"contentUrl\":\"https:\\\/\\\/cvx-e.es\\\/wp-content\\\/uploads\\\/2022\\\/10\\\/recordando.jpeg\",\"width\":2000,\"height\":1500},{\"@type\":\"BreadcrumbList\",\"@id\":\"https:\\\/\\\/cvx-e.es\\\/ca\\\/uncategorized-ca\\\/tot-recordant-la-nuria\\\/#breadcrumb\",\"itemListElement\":[{\"@type\":\"ListItem\",\"position\":1,\"name\":\"Inicio\",\"item\":\"https:\\\/\\\/cvx-e.es\\\/ca\\\/\"},{\"@type\":\"ListItem\",\"position\":2,\"name\":\"Uncategorized @ca\",\"item\":\"https:\\\/\\\/cvx-e.es\\\/ca\\\/categoria\\\/uncategorized-ca\\\/\"},{\"@type\":\"ListItem\",\"position\":3,\"name\":\"Tot recordant la N\u00faria\"}]},{\"@type\":\"WebSite\",\"@id\":\"https:\\\/\\\/cvx-e.es\\\/ca\\\/#website\",\"url\":\"https:\\\/\\\/cvx-e.es\\\/ca\\\/\",\"name\":\"CVX en Espa\u00f1a\",\"description\":\"Comunidad de Vida Cristiana Ignaciana\",\"potentialAction\":[{\"@type\":\"SearchAction\",\"target\":{\"@type\":\"EntryPoint\",\"urlTemplate\":\"https:\\\/\\\/cvx-e.es\\\/ca\\\/?s={search_term_string}\"},\"query-input\":{\"@type\":\"PropertyValueSpecification\",\"valueRequired\":true,\"valueName\":\"search_term_string\"}}],\"inLanguage\":\"ca\"},{\"@type\":\"Person\",\"@id\":\"https:\\\/\\\/cvx-e.es\\\/ca\\\/#\\\/schema\\\/person\\\/9e98df936af8ab13b1c160d256dacf62\",\"name\":\"Administracion\",\"image\":{\"@type\":\"ImageObject\",\"inLanguage\":\"ca\",\"@id\":\"https:\\\/\\\/secure.gravatar.com\\\/avatar\\\/4d4a7c0d6994093bfe79a47ddefe834b7cbbfdfba11069c651235157ee57411b?s=96&d=mm&r=g\",\"url\":\"https:\\\/\\\/secure.gravatar.com\\\/avatar\\\/4d4a7c0d6994093bfe79a47ddefe834b7cbbfdfba11069c651235157ee57411b?s=96&d=mm&r=g\",\"contentUrl\":\"https:\\\/\\\/secure.gravatar.com\\\/avatar\\\/4d4a7c0d6994093bfe79a47ddefe834b7cbbfdfba11069c651235157ee57411b?s=96&d=mm&r=g\",\"caption\":\"Administracion\"},\"url\":\"https:\\\/\\\/cvx-e.es\\\/ca\\\/author\\\/administracion\\\/\"}]}<\/script>\n<!-- \/ Yoast SEO plugin. -->","yoast_head_json":{"title":"Tot recordant la N\u00faria - CVX en Espa\u00f1a","robots":{"index":"index","follow":"follow","max-snippet":"max-snippet:-1","max-image-preview":"max-image-preview:large","max-video-preview":"max-video-preview:-1"},"canonical":"https:\/\/cvx-e.es\/ca\/uncategorized-ca\/tot-recordant-la-nuria\/","og_locale":"ca_ES","og_type":"article","og_title":"Tot recordant la N\u00faria - CVX en Espa\u00f1a","og_description":"El proppassat diumenge 9 d\u2019octubre, en la Preg\u00e0ria Inicial de la trobada comunit\u00e0ria d\u2019inici de curs de la Comunitat Pere Favre de Barcelona, vam recordar la N\u00faria Serrallonga i Tintor\u00e9, [&hellip;]","og_url":"https:\/\/cvx-e.es\/ca\/uncategorized-ca\/tot-recordant-la-nuria\/","og_site_name":"CVX en Espa\u00f1a","article_published_time":"2022-11-01T09:30:00+00:00","og_image":[{"width":2000,"height":1500,"url":"https:\/\/cvx-e.es\/wp-content\/uploads\/2022\/10\/recordando.jpeg","type":"image\/jpeg"}],"author":"Administracion","twitter_card":"summary_large_image","twitter_misc":{"Escrit per":"Administracion","Temps estimat de lectura":"3 minuts"},"schema":{"@context":"https:\/\/schema.org","@graph":[{"@type":"Article","@id":"https:\/\/cvx-e.es\/ca\/uncategorized-ca\/tot-recordant-la-nuria\/#article","isPartOf":{"@id":"https:\/\/cvx-e.es\/ca\/uncategorized-ca\/tot-recordant-la-nuria\/"},"author":{"name":"Administracion","@id":"https:\/\/cvx-e.es\/ca\/#\/schema\/person\/9e98df936af8ab13b1c160d256dacf62"},"headline":"Tot recordant la N\u00faria","datePublished":"2022-11-01T09:30:00+00:00","mainEntityOfPage":{"@id":"https:\/\/cvx-e.es\/ca\/uncategorized-ca\/tot-recordant-la-nuria\/"},"wordCount":657,"commentCount":0,"image":{"@id":"https:\/\/cvx-e.es\/ca\/uncategorized-ca\/tot-recordant-la-nuria\/#primaryimage"},"thumbnailUrl":"https:\/\/cvx-e.es\/wp-content\/uploads\/2022\/10\/recordando.jpeg","articleSection":["Comunitats","Uncategorized @ca"],"inLanguage":"ca","potentialAction":[{"@type":"CommentAction","name":"Comment","target":["https:\/\/cvx-e.es\/ca\/uncategorized-ca\/tot-recordant-la-nuria\/#respond"]}]},{"@type":"WebPage","@id":"https:\/\/cvx-e.es\/ca\/uncategorized-ca\/tot-recordant-la-nuria\/","url":"https:\/\/cvx-e.es\/ca\/uncategorized-ca\/tot-recordant-la-nuria\/","name":"Tot recordant la N\u00faria - CVX en Espa\u00f1a","isPartOf":{"@id":"https:\/\/cvx-e.es\/ca\/#website"},"primaryImageOfPage":{"@id":"https:\/\/cvx-e.es\/ca\/uncategorized-ca\/tot-recordant-la-nuria\/#primaryimage"},"image":{"@id":"https:\/\/cvx-e.es\/ca\/uncategorized-ca\/tot-recordant-la-nuria\/#primaryimage"},"thumbnailUrl":"https:\/\/cvx-e.es\/wp-content\/uploads\/2022\/10\/recordando.jpeg","datePublished":"2022-11-01T09:30:00+00:00","author":{"@id":"https:\/\/cvx-e.es\/ca\/#\/schema\/person\/9e98df936af8ab13b1c160d256dacf62"},"breadcrumb":{"@id":"https:\/\/cvx-e.es\/ca\/uncategorized-ca\/tot-recordant-la-nuria\/#breadcrumb"},"inLanguage":"ca","potentialAction":[{"@type":"ReadAction","target":["https:\/\/cvx-e.es\/ca\/uncategorized-ca\/tot-recordant-la-nuria\/"]}]},{"@type":"ImageObject","inLanguage":"ca","@id":"https:\/\/cvx-e.es\/ca\/uncategorized-ca\/tot-recordant-la-nuria\/#primaryimage","url":"https:\/\/cvx-e.es\/wp-content\/uploads\/2022\/10\/recordando.jpeg","contentUrl":"https:\/\/cvx-e.es\/wp-content\/uploads\/2022\/10\/recordando.jpeg","width":2000,"height":1500},{"@type":"BreadcrumbList","@id":"https:\/\/cvx-e.es\/ca\/uncategorized-ca\/tot-recordant-la-nuria\/#breadcrumb","itemListElement":[{"@type":"ListItem","position":1,"name":"Inicio","item":"https:\/\/cvx-e.es\/ca\/"},{"@type":"ListItem","position":2,"name":"Uncategorized @ca","item":"https:\/\/cvx-e.es\/ca\/categoria\/uncategorized-ca\/"},{"@type":"ListItem","position":3,"name":"Tot recordant la N\u00faria"}]},{"@type":"WebSite","@id":"https:\/\/cvx-e.es\/ca\/#website","url":"https:\/\/cvx-e.es\/ca\/","name":"CVX en Espa\u00f1a","description":"Comunidad de Vida Cristiana Ignaciana","potentialAction":[{"@type":"SearchAction","target":{"@type":"EntryPoint","urlTemplate":"https:\/\/cvx-e.es\/ca\/?s={search_term_string}"},"query-input":{"@type":"PropertyValueSpecification","valueRequired":true,"valueName":"search_term_string"}}],"inLanguage":"ca"},{"@type":"Person","@id":"https:\/\/cvx-e.es\/ca\/#\/schema\/person\/9e98df936af8ab13b1c160d256dacf62","name":"Administracion","image":{"@type":"ImageObject","inLanguage":"ca","@id":"https:\/\/secure.gravatar.com\/avatar\/4d4a7c0d6994093bfe79a47ddefe834b7cbbfdfba11069c651235157ee57411b?s=96&d=mm&r=g","url":"https:\/\/secure.gravatar.com\/avatar\/4d4a7c0d6994093bfe79a47ddefe834b7cbbfdfba11069c651235157ee57411b?s=96&d=mm&r=g","contentUrl":"https:\/\/secure.gravatar.com\/avatar\/4d4a7c0d6994093bfe79a47ddefe834b7cbbfdfba11069c651235157ee57411b?s=96&d=mm&r=g","caption":"Administracion"},"url":"https:\/\/cvx-e.es\/ca\/author\/administracion\/"}]}},"post_mailing_queue_ids":[],"_links":{"self":[{"href":"https:\/\/cvx-e.es\/ca\/wp-json\/wp\/v2\/posts\/30813","targetHints":{"allow":["GET"]}}],"collection":[{"href":"https:\/\/cvx-e.es\/ca\/wp-json\/wp\/v2\/posts"}],"about":[{"href":"https:\/\/cvx-e.es\/ca\/wp-json\/wp\/v2\/types\/post"}],"author":[{"embeddable":true,"href":"https:\/\/cvx-e.es\/ca\/wp-json\/wp\/v2\/users\/4"}],"replies":[{"embeddable":true,"href":"https:\/\/cvx-e.es\/ca\/wp-json\/wp\/v2\/comments?post=30813"}],"version-history":[{"count":0,"href":"https:\/\/cvx-e.es\/ca\/wp-json\/wp\/v2\/posts\/30813\/revisions"}],"wp:featuredmedia":[{"embeddable":true,"href":"https:\/\/cvx-e.es\/ca\/wp-json\/wp\/v2\/media\/30799"}],"wp:attachment":[{"href":"https:\/\/cvx-e.es\/ca\/wp-json\/wp\/v2\/media?parent=30813"}],"wp:term":[{"taxonomy":"category","embeddable":true,"href":"https:\/\/cvx-e.es\/ca\/wp-json\/wp\/v2\/categories?post=30813"},{"taxonomy":"post_tag","embeddable":true,"href":"https:\/\/cvx-e.es\/ca\/wp-json\/wp\/v2\/tags?post=30813"}],"curies":[{"name":"wp","href":"https:\/\/api.w.org\/{rel}","templated":true}]}}