{"id":32430,"date":"2022-12-22T12:00:00","date_gmt":"2022-12-22T11:00:00","guid":{"rendered":"https:\/\/cvx-e.es\/?p=32430"},"modified":"2022-12-23T11:26:32","modified_gmt":"2022-12-23T10:26:32","slug":"des-de-cvx-e-us-desitgem-un-felic-i-divers-nadal","status":"publish","type":"post","link":"https:\/\/cvx-e.es\/ca\/uncategorized-ca\/des-de-cvx-e-us-desitgem-un-felic-i-divers-nadal\/","title":{"rendered":"Des de CVX-E us desitgem un Bon i divers Nadal"},"content":{"rendered":"\n<p class=\"wp-block-paragraph\"><\/p>\n\n<p class=\"has-text-align-center wp-block-paragraph\">Jes\u00fas vol n\u00e9ixer&#8230;<\/p>\n\n<p class=\"has-text-align-center wp-block-paragraph\">&#8230; a cadascuna de les nostres llars,<\/p>\n\n<p class=\"has-text-align-center wp-block-paragraph\">&#8230; a cada cor i cos que pateix,<\/p>\n\n<p class=\"has-text-align-center wp-block-paragraph\">&#8230; en el dolor dels carrers i hospitals, <\/p>\n\n<p class=\"has-text-align-center wp-block-paragraph\">&#8230; en les nostres pobreses i difer\u00e8ncies, <\/p>\n\n<p class=\"has-text-align-center wp-block-paragraph\">&#8230; en all\u00f2 petit i en all\u00f2 tendre, <\/p>\n\n<p class=\"has-text-align-center wp-block-paragraph\">&#8230; en all\u00f2 lluny\u00e0 i all\u00f2 proper,<\/p>\n\n<p class=\"has-text-align-center wp-block-paragraph\">&#8230; en tu, en mi, en nosaltres, <\/p>\n\n<p class=\"has-text-align-center wp-block-paragraph\">&#8230; a les nostres entranyes,<\/p>\n\n<p class=\"has-text-align-center wp-block-paragraph\">&#8230; a la nostra comunitat d&#8217;iguals, <\/p>\n\n<p class=\"has-text-align-center wp-block-paragraph\">&#8230; en la teva ment, a les teves mans, <\/p>\n\n<p class=\"has-text-align-center wp-block-paragraph\">&#8230; en la butxaca, omplint-lo de generositat, <\/p>\n\n<p class=\"has-text-align-center wp-block-paragraph\">&#8230; en la meva fragilitat i vulnerabilitat, <\/p>\n\n<p class=\"has-text-align-center wp-block-paragraph\">&#8230; en les nostres alegries i tristeses, <\/p>\n\n<p class=\"has-text-align-center wp-block-paragraph\">&#8230; en cada fam\u00edlia, <\/p>\n\n<p class=\"has-text-align-center wp-block-paragraph\">&#8230; en la diversitat de les nostres vides, <\/p>\n\n<p class=\"has-text-align-center wp-block-paragraph\">&#8230; en les nostres llums i ombres, <\/p>\n\n<p class=\"has-text-align-center wp-block-paragraph\">I a cada trobada, d&#8217;aqu\u00ed i d&#8217;all\u00e0.<\/p>\n\n<p class=\"has-text-align-center wp-block-paragraph\"><\/p>\n\n<p class=\"has-text-align-center wp-block-paragraph\">Bon i divers Nadal <\/p>\n\n<p class=\"has-text-align-center wp-block-paragraph\"><\/p>\n\n<p class=\"wp-block-paragraph\">Felicitaci\u00f3 en castell\u00e0<\/p>\n\n<figure class=\"wp-block-video\"><video height=\"1080\" style=\"aspect-ratio: 1920 \/ 1080;\" width=\"1920\" controls=\"\" src=\"https:\/\/cvx-e.es\/wp-content\/uploads\/2022\/12\/Felicitacion-Navidad-22-esp-web.mp4\"><\/video><\/figure>\n\n<p class=\"wp-block-paragraph\"><\/p>\n\n<p class=\"wp-block-paragraph\">En catal\u00e0<\/p>\n\n<figure class=\"wp-block-video\"><video height=\"1080\" style=\"aspect-ratio: 1920 \/ 1080;\" width=\"1920\" controls=\"\" src=\"https:\/\/cvx-e.es\/wp-content\/uploads\/2022\/12\/Felicitacion-Navidad-22-cat-1.mp4\"><\/video><\/figure>\n\n<p class=\"wp-block-paragraph\"><\/p>\n\n<pre id=\"tw-target-text\" class=\"wp-block-preformatted\">euskaraz<\/pre>\n\n<figure class=\"wp-block-video\"><video height=\"1080\" style=\"aspect-ratio: 1920 \/ 1080;\" width=\"1920\" controls=\"\" src=\"https:\/\/cvx-e.es\/wp-content\/uploads\/2022\/12\/Felicitacion-Navidad-22-eus-1.mp4\"><\/video><\/figure>\n\n<p class=\"wp-block-paragraph\"><\/p>\n\n<p class=\"wp-block-paragraph\">En galego<\/p>\n\n<figure class=\"wp-block-video\"><video height=\"1080\" style=\"aspect-ratio: 1920 \/ 1080;\" width=\"1920\" controls=\"\" src=\"https:\/\/cvx-e.es\/wp-content\/uploads\/2022\/12\/Felicitacion-Navidad-22-gal-1.mp4\"><\/video><\/figure>\n\n<p class=\"wp-block-paragraph\"><\/p>\n\n<p class=\"wp-block-paragraph\">In english<\/p>\n\n<figure class=\"wp-block-video\"><video height=\"1080\" style=\"aspect-ratio: 1920 \/ 1080;\" width=\"1920\" controls=\"\" src=\"https:\/\/cvx-e.es\/wp-content\/uploads\/2022\/12\/Felicitacion-Navidad-22-ing.mp4\"><\/video><\/figure>\n\n<p class=\"wp-block-paragraph\"><\/p>\n\n<p class=\"wp-block-paragraph\">A fran\u00e7ais<\/p>\n\n<figure class=\"wp-block-video\"><video height=\"1080\" style=\"aspect-ratio: 1920 \/ 1080;\" width=\"1920\" controls=\"\" src=\"https:\/\/cvx-e.es\/wp-content\/uploads\/2022\/12\/Felicitacion-Navidad-22-fra.mp4\"><\/video><\/figure>\n\n<p class=\"wp-block-paragraph\"><\/p>\n\n<p class=\"wp-block-paragraph\"><\/p>\n","protected":false},"excerpt":{"rendered":"<p>Jes\u00fas vol n\u00e9ixer&#8230; &#8230; a cadascuna de les nostres llars, &#8230; a cada cor i cos que pateix, &#8230; en el dolor dels carrers i hospitals, &#8230; en les nostres [&hellip;]<\/p>\n","protected":false},"author":4,"featured_media":32410,"comment_status":"open","ping_status":"closed","sticky":false,"template":"","format":"standard","meta":{"_et_pb_use_builder":"","_et_pb_old_content":"","_et_gb_content_width":"","_price":"","_stock":"","_tribe_ticket_header":"","_tribe_default_ticket_provider":"","_tribe_ticket_capacity":"0","_ticket_start_date":"","_ticket_end_date":"","_tribe_ticket_show_description":"","_tribe_ticket_show_not_going":false,"_tribe_ticket_use_global_stock":"","_tribe_ticket_global_stock_level":"","_global_stock_mode":"","_global_stock_cap":"","_tribe_rsvp_for_event":"","_tribe_ticket_going_count":"","_tribe_ticket_not_going_count":"","_tribe_tickets_list":"[]","_tribe_ticket_has_attendee_info_fields":false,"footnotes":""},"categories":[432],"tags":[],"class_list":["post-32430","post","type-post","status-publish","format-standard","has-post-thumbnail","hentry","category-uncategorized-ca"],"yoast_head":"<!-- This site is optimized with the Yoast SEO plugin v27.9 - https:\/\/yoast.com\/product\/yoast-seo-wordpress\/ -->\n<title>Des de CVX-E us desitgem un Bon i divers Nadal - CVX en Espa\u00f1a<\/title>\n<meta name=\"robots\" content=\"index, follow, max-snippet:-1, max-image-preview:large, max-video-preview:-1\" \/>\n<link rel=\"canonical\" href=\"https:\/\/cvx-e.es\/ca\/uncategorized-ca\/des-de-cvx-e-us-desitgem-un-felic-i-divers-nadal\/\" \/>\n<meta property=\"og:locale\" content=\"ca_ES\" \/>\n<meta property=\"og:type\" content=\"article\" \/>\n<meta property=\"og:title\" content=\"Des de CVX-E us desitgem un Bon i divers Nadal - CVX en Espa\u00f1a\" \/>\n<meta property=\"og:description\" content=\"Jes\u00fas vol n\u00e9ixer&#8230; &#8230; a cadascuna de les nostres llars, &#8230; a cada cor i cos que pateix, &#8230; en el dolor dels carrers i hospitals, &#8230; en les nostres [&hellip;]\" \/>\n<meta property=\"og:url\" content=\"https:\/\/cvx-e.es\/ca\/uncategorized-ca\/des-de-cvx-e-us-desitgem-un-felic-i-divers-nadal\/\" \/>\n<meta property=\"og:site_name\" content=\"CVX en Espa\u00f1a\" \/>\n<meta property=\"article:published_time\" content=\"2022-12-22T11:00:00+00:00\" \/>\n<meta property=\"article:modified_time\" content=\"2022-12-23T10:26:32+00:00\" \/>\n<meta property=\"og:image\" content=\"https:\/\/cvx-e.es\/wp-content\/uploads\/2022\/12\/Felicitacion-Navidad22.jpg\" \/>\n\t<meta property=\"og:image:width\" content=\"1500\" \/>\n\t<meta property=\"og:image:height\" content=\"1000\" \/>\n\t<meta property=\"og:image:type\" content=\"image\/jpeg\" \/>\n<meta name=\"author\" content=\"Administracion\" \/>\n<meta name=\"twitter:card\" content=\"summary_large_image\" \/>\n<meta name=\"twitter:label1\" content=\"Escrit per\" \/>\n\t<meta name=\"twitter:data1\" content=\"Administracion\" \/>\n\t<meta name=\"twitter:label2\" content=\"Temps estimat de lectura\" \/>\n\t<meta name=\"twitter:data2\" content=\"1 minut\" \/>\n<script type=\"application\/ld+json\" class=\"yoast-schema-graph\">{\"@context\":\"https:\\\/\\\/schema.org\",\"@graph\":[{\"@type\":\"Article\",\"@id\":\"https:\\\/\\\/cvx-e.es\\\/ca\\\/uncategorized-ca\\\/des-de-cvx-e-us-desitgem-un-felic-i-divers-nadal\\\/#article\",\"isPartOf\":{\"@id\":\"https:\\\/\\\/cvx-e.es\\\/ca\\\/uncategorized-ca\\\/des-de-cvx-e-us-desitgem-un-felic-i-divers-nadal\\\/\"},\"author\":{\"name\":\"Administracion\",\"@id\":\"https:\\\/\\\/cvx-e.es\\\/ca\\\/#\\\/schema\\\/person\\\/9e98df936af8ab13b1c160d256dacf62\"},\"headline\":\"Des de CVX-E us desitgem un Bon i divers Nadal\",\"datePublished\":\"2022-12-22T11:00:00+00:00\",\"dateModified\":\"2022-12-23T10:26:32+00:00\",\"mainEntityOfPage\":{\"@id\":\"https:\\\/\\\/cvx-e.es\\\/ca\\\/uncategorized-ca\\\/des-de-cvx-e-us-desitgem-un-felic-i-divers-nadal\\\/\"},\"wordCount\":139,\"commentCount\":0,\"image\":{\"@id\":\"https:\\\/\\\/cvx-e.es\\\/ca\\\/uncategorized-ca\\\/des-de-cvx-e-us-desitgem-un-felic-i-divers-nadal\\\/#primaryimage\"},\"thumbnailUrl\":\"https:\\\/\\\/cvx-e.es\\\/wp-content\\\/uploads\\\/2022\\\/12\\\/Felicitacion-Navidad22.jpg\",\"articleSection\":[\"Uncategorized @ca\"],\"inLanguage\":\"ca\",\"potentialAction\":[{\"@type\":\"CommentAction\",\"name\":\"Comment\",\"target\":[\"https:\\\/\\\/cvx-e.es\\\/ca\\\/uncategorized-ca\\\/des-de-cvx-e-us-desitgem-un-felic-i-divers-nadal\\\/#respond\"]}]},{\"@type\":\"WebPage\",\"@id\":\"https:\\\/\\\/cvx-e.es\\\/ca\\\/uncategorized-ca\\\/des-de-cvx-e-us-desitgem-un-felic-i-divers-nadal\\\/\",\"url\":\"https:\\\/\\\/cvx-e.es\\\/ca\\\/uncategorized-ca\\\/des-de-cvx-e-us-desitgem-un-felic-i-divers-nadal\\\/\",\"name\":\"Des de CVX-E us desitgem un Bon i divers Nadal - CVX en Espa\u00f1a\",\"isPartOf\":{\"@id\":\"https:\\\/\\\/cvx-e.es\\\/ca\\\/#website\"},\"primaryImageOfPage\":{\"@id\":\"https:\\\/\\\/cvx-e.es\\\/ca\\\/uncategorized-ca\\\/des-de-cvx-e-us-desitgem-un-felic-i-divers-nadal\\\/#primaryimage\"},\"image\":{\"@id\":\"https:\\\/\\\/cvx-e.es\\\/ca\\\/uncategorized-ca\\\/des-de-cvx-e-us-desitgem-un-felic-i-divers-nadal\\\/#primaryimage\"},\"thumbnailUrl\":\"https:\\\/\\\/cvx-e.es\\\/wp-content\\\/uploads\\\/2022\\\/12\\\/Felicitacion-Navidad22.jpg\",\"datePublished\":\"2022-12-22T11:00:00+00:00\",\"dateModified\":\"2022-12-23T10:26:32+00:00\",\"author\":{\"@id\":\"https:\\\/\\\/cvx-e.es\\\/ca\\\/#\\\/schema\\\/person\\\/9e98df936af8ab13b1c160d256dacf62\"},\"breadcrumb\":{\"@id\":\"https:\\\/\\\/cvx-e.es\\\/ca\\\/uncategorized-ca\\\/des-de-cvx-e-us-desitgem-un-felic-i-divers-nadal\\\/#breadcrumb\"},\"inLanguage\":\"ca\",\"potentialAction\":[{\"@type\":\"ReadAction\",\"target\":[\"https:\\\/\\\/cvx-e.es\\\/ca\\\/uncategorized-ca\\\/des-de-cvx-e-us-desitgem-un-felic-i-divers-nadal\\\/\"]}]},{\"@type\":\"ImageObject\",\"inLanguage\":\"ca\",\"@id\":\"https:\\\/\\\/cvx-e.es\\\/ca\\\/uncategorized-ca\\\/des-de-cvx-e-us-desitgem-un-felic-i-divers-nadal\\\/#primaryimage\",\"url\":\"https:\\\/\\\/cvx-e.es\\\/wp-content\\\/uploads\\\/2022\\\/12\\\/Felicitacion-Navidad22.jpg\",\"contentUrl\":\"https:\\\/\\\/cvx-e.es\\\/wp-content\\\/uploads\\\/2022\\\/12\\\/Felicitacion-Navidad22.jpg\",\"width\":1500,\"height\":1000},{\"@type\":\"BreadcrumbList\",\"@id\":\"https:\\\/\\\/cvx-e.es\\\/ca\\\/uncategorized-ca\\\/des-de-cvx-e-us-desitgem-un-felic-i-divers-nadal\\\/#breadcrumb\",\"itemListElement\":[{\"@type\":\"ListItem\",\"position\":1,\"name\":\"Inicio\",\"item\":\"https:\\\/\\\/cvx-e.es\\\/ca\\\/\"},{\"@type\":\"ListItem\",\"position\":2,\"name\":\"Uncategorized @ca\",\"item\":\"https:\\\/\\\/cvx-e.es\\\/ca\\\/categoria\\\/uncategorized-ca\\\/\"},{\"@type\":\"ListItem\",\"position\":3,\"name\":\"Des de CVX-E us desitgem un Bon i divers Nadal\"}]},{\"@type\":\"WebSite\",\"@id\":\"https:\\\/\\\/cvx-e.es\\\/ca\\\/#website\",\"url\":\"https:\\\/\\\/cvx-e.es\\\/ca\\\/\",\"name\":\"CVX en Espa\u00f1a\",\"description\":\"Comunidad de Vida Cristiana Ignaciana\",\"potentialAction\":[{\"@type\":\"SearchAction\",\"target\":{\"@type\":\"EntryPoint\",\"urlTemplate\":\"https:\\\/\\\/cvx-e.es\\\/ca\\\/?s={search_term_string}\"},\"query-input\":{\"@type\":\"PropertyValueSpecification\",\"valueRequired\":true,\"valueName\":\"search_term_string\"}}],\"inLanguage\":\"ca\"},{\"@type\":\"Person\",\"@id\":\"https:\\\/\\\/cvx-e.es\\\/ca\\\/#\\\/schema\\\/person\\\/9e98df936af8ab13b1c160d256dacf62\",\"name\":\"Administracion\",\"image\":{\"@type\":\"ImageObject\",\"inLanguage\":\"ca\",\"@id\":\"https:\\\/\\\/secure.gravatar.com\\\/avatar\\\/4d4a7c0d6994093bfe79a47ddefe834b7cbbfdfba11069c651235157ee57411b?s=96&d=mm&r=g\",\"url\":\"https:\\\/\\\/secure.gravatar.com\\\/avatar\\\/4d4a7c0d6994093bfe79a47ddefe834b7cbbfdfba11069c651235157ee57411b?s=96&d=mm&r=g\",\"contentUrl\":\"https:\\\/\\\/secure.gravatar.com\\\/avatar\\\/4d4a7c0d6994093bfe79a47ddefe834b7cbbfdfba11069c651235157ee57411b?s=96&d=mm&r=g\",\"caption\":\"Administracion\"},\"url\":\"https:\\\/\\\/cvx-e.es\\\/ca\\\/author\\\/administracion\\\/\"}]}<\/script>\n<!-- \/ Yoast SEO plugin. -->","yoast_head_json":{"title":"Des de CVX-E us desitgem un Bon i divers Nadal - CVX en Espa\u00f1a","robots":{"index":"index","follow":"follow","max-snippet":"max-snippet:-1","max-image-preview":"max-image-preview:large","max-video-preview":"max-video-preview:-1"},"canonical":"https:\/\/cvx-e.es\/ca\/uncategorized-ca\/des-de-cvx-e-us-desitgem-un-felic-i-divers-nadal\/","og_locale":"ca_ES","og_type":"article","og_title":"Des de CVX-E us desitgem un Bon i divers Nadal - CVX en Espa\u00f1a","og_description":"Jes\u00fas vol n\u00e9ixer&#8230; &#8230; a cadascuna de les nostres llars, &#8230; a cada cor i cos que pateix, &#8230; en el dolor dels carrers i hospitals, &#8230; en les nostres [&hellip;]","og_url":"https:\/\/cvx-e.es\/ca\/uncategorized-ca\/des-de-cvx-e-us-desitgem-un-felic-i-divers-nadal\/","og_site_name":"CVX en Espa\u00f1a","article_published_time":"2022-12-22T11:00:00+00:00","article_modified_time":"2022-12-23T10:26:32+00:00","og_image":[{"width":1500,"height":1000,"url":"https:\/\/cvx-e.es\/wp-content\/uploads\/2022\/12\/Felicitacion-Navidad22.jpg","type":"image\/jpeg"}],"author":"Administracion","twitter_card":"summary_large_image","twitter_misc":{"Escrit per":"Administracion","Temps estimat de lectura":"1 minut"},"schema":{"@context":"https:\/\/schema.org","@graph":[{"@type":"Article","@id":"https:\/\/cvx-e.es\/ca\/uncategorized-ca\/des-de-cvx-e-us-desitgem-un-felic-i-divers-nadal\/#article","isPartOf":{"@id":"https:\/\/cvx-e.es\/ca\/uncategorized-ca\/des-de-cvx-e-us-desitgem-un-felic-i-divers-nadal\/"},"author":{"name":"Administracion","@id":"https:\/\/cvx-e.es\/ca\/#\/schema\/person\/9e98df936af8ab13b1c160d256dacf62"},"headline":"Des de CVX-E us desitgem un Bon i divers Nadal","datePublished":"2022-12-22T11:00:00+00:00","dateModified":"2022-12-23T10:26:32+00:00","mainEntityOfPage":{"@id":"https:\/\/cvx-e.es\/ca\/uncategorized-ca\/des-de-cvx-e-us-desitgem-un-felic-i-divers-nadal\/"},"wordCount":139,"commentCount":0,"image":{"@id":"https:\/\/cvx-e.es\/ca\/uncategorized-ca\/des-de-cvx-e-us-desitgem-un-felic-i-divers-nadal\/#primaryimage"},"thumbnailUrl":"https:\/\/cvx-e.es\/wp-content\/uploads\/2022\/12\/Felicitacion-Navidad22.jpg","articleSection":["Uncategorized @ca"],"inLanguage":"ca","potentialAction":[{"@type":"CommentAction","name":"Comment","target":["https:\/\/cvx-e.es\/ca\/uncategorized-ca\/des-de-cvx-e-us-desitgem-un-felic-i-divers-nadal\/#respond"]}]},{"@type":"WebPage","@id":"https:\/\/cvx-e.es\/ca\/uncategorized-ca\/des-de-cvx-e-us-desitgem-un-felic-i-divers-nadal\/","url":"https:\/\/cvx-e.es\/ca\/uncategorized-ca\/des-de-cvx-e-us-desitgem-un-felic-i-divers-nadal\/","name":"Des de CVX-E us desitgem un Bon i divers Nadal - CVX en Espa\u00f1a","isPartOf":{"@id":"https:\/\/cvx-e.es\/ca\/#website"},"primaryImageOfPage":{"@id":"https:\/\/cvx-e.es\/ca\/uncategorized-ca\/des-de-cvx-e-us-desitgem-un-felic-i-divers-nadal\/#primaryimage"},"image":{"@id":"https:\/\/cvx-e.es\/ca\/uncategorized-ca\/des-de-cvx-e-us-desitgem-un-felic-i-divers-nadal\/#primaryimage"},"thumbnailUrl":"https:\/\/cvx-e.es\/wp-content\/uploads\/2022\/12\/Felicitacion-Navidad22.jpg","datePublished":"2022-12-22T11:00:00+00:00","dateModified":"2022-12-23T10:26:32+00:00","author":{"@id":"https:\/\/cvx-e.es\/ca\/#\/schema\/person\/9e98df936af8ab13b1c160d256dacf62"},"breadcrumb":{"@id":"https:\/\/cvx-e.es\/ca\/uncategorized-ca\/des-de-cvx-e-us-desitgem-un-felic-i-divers-nadal\/#breadcrumb"},"inLanguage":"ca","potentialAction":[{"@type":"ReadAction","target":["https:\/\/cvx-e.es\/ca\/uncategorized-ca\/des-de-cvx-e-us-desitgem-un-felic-i-divers-nadal\/"]}]},{"@type":"ImageObject","inLanguage":"ca","@id":"https:\/\/cvx-e.es\/ca\/uncategorized-ca\/des-de-cvx-e-us-desitgem-un-felic-i-divers-nadal\/#primaryimage","url":"https:\/\/cvx-e.es\/wp-content\/uploads\/2022\/12\/Felicitacion-Navidad22.jpg","contentUrl":"https:\/\/cvx-e.es\/wp-content\/uploads\/2022\/12\/Felicitacion-Navidad22.jpg","width":1500,"height":1000},{"@type":"BreadcrumbList","@id":"https:\/\/cvx-e.es\/ca\/uncategorized-ca\/des-de-cvx-e-us-desitgem-un-felic-i-divers-nadal\/#breadcrumb","itemListElement":[{"@type":"ListItem","position":1,"name":"Inicio","item":"https:\/\/cvx-e.es\/ca\/"},{"@type":"ListItem","position":2,"name":"Uncategorized @ca","item":"https:\/\/cvx-e.es\/ca\/categoria\/uncategorized-ca\/"},{"@type":"ListItem","position":3,"name":"Des de CVX-E us desitgem un Bon i divers Nadal"}]},{"@type":"WebSite","@id":"https:\/\/cvx-e.es\/ca\/#website","url":"https:\/\/cvx-e.es\/ca\/","name":"CVX en Espa\u00f1a","description":"Comunidad de Vida Cristiana Ignaciana","potentialAction":[{"@type":"SearchAction","target":{"@type":"EntryPoint","urlTemplate":"https:\/\/cvx-e.es\/ca\/?s={search_term_string}"},"query-input":{"@type":"PropertyValueSpecification","valueRequired":true,"valueName":"search_term_string"}}],"inLanguage":"ca"},{"@type":"Person","@id":"https:\/\/cvx-e.es\/ca\/#\/schema\/person\/9e98df936af8ab13b1c160d256dacf62","name":"Administracion","image":{"@type":"ImageObject","inLanguage":"ca","@id":"https:\/\/secure.gravatar.com\/avatar\/4d4a7c0d6994093bfe79a47ddefe834b7cbbfdfba11069c651235157ee57411b?s=96&d=mm&r=g","url":"https:\/\/secure.gravatar.com\/avatar\/4d4a7c0d6994093bfe79a47ddefe834b7cbbfdfba11069c651235157ee57411b?s=96&d=mm&r=g","contentUrl":"https:\/\/secure.gravatar.com\/avatar\/4d4a7c0d6994093bfe79a47ddefe834b7cbbfdfba11069c651235157ee57411b?s=96&d=mm&r=g","caption":"Administracion"},"url":"https:\/\/cvx-e.es\/ca\/author\/administracion\/"}]}},"post_mailing_queue_ids":[],"_links":{"self":[{"href":"https:\/\/cvx-e.es\/ca\/wp-json\/wp\/v2\/posts\/32430","targetHints":{"allow":["GET"]}}],"collection":[{"href":"https:\/\/cvx-e.es\/ca\/wp-json\/wp\/v2\/posts"}],"about":[{"href":"https:\/\/cvx-e.es\/ca\/wp-json\/wp\/v2\/types\/post"}],"author":[{"embeddable":true,"href":"https:\/\/cvx-e.es\/ca\/wp-json\/wp\/v2\/users\/4"}],"replies":[{"embeddable":true,"href":"https:\/\/cvx-e.es\/ca\/wp-json\/wp\/v2\/comments?post=32430"}],"version-history":[{"count":0,"href":"https:\/\/cvx-e.es\/ca\/wp-json\/wp\/v2\/posts\/32430\/revisions"}],"wp:featuredmedia":[{"embeddable":true,"href":"https:\/\/cvx-e.es\/ca\/wp-json\/wp\/v2\/media\/32410"}],"wp:attachment":[{"href":"https:\/\/cvx-e.es\/ca\/wp-json\/wp\/v2\/media?parent=32430"}],"wp:term":[{"taxonomy":"category","embeddable":true,"href":"https:\/\/cvx-e.es\/ca\/wp-json\/wp\/v2\/categories?post=32430"},{"taxonomy":"post_tag","embeddable":true,"href":"https:\/\/cvx-e.es\/ca\/wp-json\/wp\/v2\/tags?post=32430"}],"curies":[{"name":"wp","href":"https:\/\/api.w.org\/{rel}","templated":true}]}}