{"id":39860,"date":"2023-12-29T11:30:00","date_gmt":"2023-12-29T10:30:00","guid":{"rendered":"https:\/\/cvx-e.es\/uncategorized-ca\/una-cosa-especial-per-celebrar\/"},"modified":"2024-01-02T09:05:49","modified_gmt":"2024-01-02T08:05:49","slug":"una-cosa-especial-per-celebrar","status":"publish","type":"post","link":"https:\/\/cvx-e.es\/ca\/comunitats\/una-cosa-especial-per-celebrar\/","title":{"rendered":"Una cosa especial per celebrar"},"content":{"rendered":"\n<p class=\"wp-block-paragraph\"><\/p>\n\n<p class=\"wp-block-paragraph\">Fa un parell de diumenges vam celebrar una trobada comunit\u00e0ria a la CVX F\u00f2rum Joves de Barcelona. Vam celebrar una eucaristia, vam fer despr\u00e9s reuni\u00f3 per grups i vam acabar amb un sopar de Nadal. <\/p>\n\n<p class=\"wp-block-paragraph\">Fins aqu\u00ed, tot normal, m\u00e9s o menys el que totes les comunitats fem cada any, per\u00f2\u2026 aquesta vegada, volem compartir-vos una cosa \u201cespecial\u201d: a la trobada vam tenir el gran honor de con\u00e8ixer el membre m\u00e9s jove del nostre grup \u201cde joves\u201d, que ha arribat fa poc m\u00e9s d&#8217;un mes, Clara Teresa, a qui vam regalar un petit per\u00f2 significatiu obsequi simbolitzant aix\u00ed la seva incorporaci\u00f3 a la comunitat, mireu:<\/p>\n\n<p class=\"wp-block-paragraph\"><\/p>\n\n<figure class=\"wp-block-gallery has-nested-images columns-default is-cropped wp-block-gallery-1 is-layout-flex wp-block-gallery-is-layout-flex\">\n<figure class=\"wp-block-image size-large\"><img loading=\"lazy\" decoding=\"async\" width=\"751\" height=\"825\" data-id=\"39795\" src=\"https:\/\/cvx-e.es\/wp-content\/uploads\/2023\/12\/dic23-1.jpg\" alt=\"\" class=\"wp-image-39795\" srcset=\"https:\/\/cvx-e.es\/wp-content\/uploads\/2023\/12\/dic23-1.jpg 751w, https:\/\/cvx-e.es\/wp-content\/uploads\/2023\/12\/dic23-1-480x527.jpg 480w\" sizes=\"(min-width: 0px) and (max-width: 480px) 480px, (min-width: 481px) 751px, 100vw\" \/><\/figure>\n<\/figure>\n\n<p class=\"wp-block-paragraph\"><\/p>\n\n<p class=\"wp-block-paragraph\">No us sembla un bonic detall? A nosaltres s\u00ed!<\/p>\n\n<p class=\"wp-block-paragraph\">Que l&#8217;arribada de l&#8217;altre nen D\u00e9u il\u00b7lumini els nostres cors fent-nos portadors de just\u00edcia, amor i pau. BON NADAL!!<\/p>\n\n<p class=\"wp-block-paragraph\"><\/p>\n\n<p class=\"wp-block-paragraph\">Montse Moragas<br\/>CVX Forum Joven en Barcelona<\/p>\n","protected":false},"excerpt":{"rendered":"<p>Fa un parell de diumenges vam celebrar una trobada comunit\u00e0ria a la CVX F\u00f2rum Joves de Barcelona. Vam celebrar una eucaristia, vam fer despr\u00e9s reuni\u00f3 per grups i vam acabar [&hellip;]<\/p>\n","protected":false},"author":5,"featured_media":39813,"comment_status":"open","ping_status":"closed","sticky":false,"template":"","format":"standard","meta":{"_et_pb_use_builder":"","_et_pb_old_content":"","_et_gb_content_width":"","_price":"","_stock":"","_tribe_ticket_header":"","_tribe_default_ticket_provider":"","_tribe_ticket_capacity":"0","_ticket_start_date":"","_ticket_end_date":"","_tribe_ticket_show_description":"","_tribe_ticket_show_not_going":false,"_tribe_ticket_use_global_stock":"","_tribe_ticket_global_stock_level":"","_global_stock_mode":"","_global_stock_cap":"","_tribe_rsvp_for_event":"","_tribe_ticket_going_count":"","_tribe_ticket_not_going_count":"","_tribe_tickets_list":"[]","_tribe_ticket_has_attendee_info_fields":false,"footnotes":""},"categories":[516],"tags":[],"class_list":["post-39860","post","type-post","status-publish","format-standard","has-post-thumbnail","hentry","category-comunitats"],"yoast_head":"<!-- This site is optimized with the Yoast SEO plugin v27.9 - https:\/\/yoast.com\/product\/yoast-seo-wordpress\/ -->\n<title>Una cosa especial per celebrar - CVX en Espa\u00f1a<\/title>\n<meta name=\"robots\" content=\"index, follow, max-snippet:-1, max-image-preview:large, max-video-preview:-1\" \/>\n<link rel=\"canonical\" href=\"https:\/\/cvx-e.es\/ca\/comunitats\/una-cosa-especial-per-celebrar\/\" \/>\n<meta property=\"og:locale\" content=\"ca_ES\" \/>\n<meta property=\"og:type\" content=\"article\" \/>\n<meta property=\"og:title\" content=\"Una cosa especial per celebrar - CVX en Espa\u00f1a\" \/>\n<meta property=\"og:description\" content=\"Fa un parell de diumenges vam celebrar una trobada comunit\u00e0ria a la CVX F\u00f2rum Joves de Barcelona. Vam celebrar una eucaristia, vam fer despr\u00e9s reuni\u00f3 per grups i vam acabar [&hellip;]\" \/>\n<meta property=\"og:url\" content=\"https:\/\/cvx-e.es\/ca\/comunitats\/una-cosa-especial-per-celebrar\/\" \/>\n<meta property=\"og:site_name\" content=\"CVX en Espa\u00f1a\" \/>\n<meta property=\"article:published_time\" content=\"2023-12-29T10:30:00+00:00\" \/>\n<meta property=\"article:modified_time\" content=\"2024-01-02T08:05:49+00:00\" \/>\n<meta property=\"og:image\" content=\"https:\/\/cvx-e.es\/wp-content\/uploads\/2023\/12\/cabeceras-formularios-16-scaled.jpg\" \/>\n\t<meta property=\"og:image:width\" content=\"2560\" \/>\n\t<meta property=\"og:image:height\" content=\"830\" \/>\n\t<meta property=\"og:image:type\" content=\"image\/jpeg\" \/>\n<meta name=\"author\" content=\"Comunicacion CVX\" \/>\n<meta name=\"twitter:card\" content=\"summary_large_image\" \/>\n<meta name=\"twitter:label1\" content=\"Escrit per\" \/>\n\t<meta name=\"twitter:data1\" content=\"Comunicacion CVX\" \/>\n\t<meta name=\"twitter:label2\" content=\"Temps estimat de lectura\" \/>\n\t<meta name=\"twitter:data2\" content=\"1 minut\" \/>\n<script type=\"application\/ld+json\" class=\"yoast-schema-graph\">{\"@context\":\"https:\\\/\\\/schema.org\",\"@graph\":[{\"@type\":\"Article\",\"@id\":\"https:\\\/\\\/cvx-e.es\\\/ca\\\/comunitats\\\/una-cosa-especial-per-celebrar\\\/#article\",\"isPartOf\":{\"@id\":\"https:\\\/\\\/cvx-e.es\\\/ca\\\/comunitats\\\/una-cosa-especial-per-celebrar\\\/\"},\"author\":{\"name\":\"Comunicacion CVX\",\"@id\":\"https:\\\/\\\/cvx-e.es\\\/ca\\\/#\\\/schema\\\/person\\\/7c9a907dc742d4b6bdadb22bb5e3216a\"},\"headline\":\"Una cosa especial per celebrar\",\"datePublished\":\"2023-12-29T10:30:00+00:00\",\"dateModified\":\"2024-01-02T08:05:49+00:00\",\"mainEntityOfPage\":{\"@id\":\"https:\\\/\\\/cvx-e.es\\\/ca\\\/comunitats\\\/una-cosa-especial-per-celebrar\\\/\"},\"wordCount\":157,\"commentCount\":0,\"image\":{\"@id\":\"https:\\\/\\\/cvx-e.es\\\/ca\\\/comunitats\\\/una-cosa-especial-per-celebrar\\\/#primaryimage\"},\"thumbnailUrl\":\"https:\\\/\\\/cvx-e.es\\\/wp-content\\\/uploads\\\/2023\\\/12\\\/cabeceras-formularios-16-scaled.jpg\",\"articleSection\":[\"Comunitats\"],\"inLanguage\":\"ca\",\"potentialAction\":[{\"@type\":\"CommentAction\",\"name\":\"Comment\",\"target\":[\"https:\\\/\\\/cvx-e.es\\\/ca\\\/comunitats\\\/una-cosa-especial-per-celebrar\\\/#respond\"]}]},{\"@type\":\"WebPage\",\"@id\":\"https:\\\/\\\/cvx-e.es\\\/ca\\\/comunitats\\\/una-cosa-especial-per-celebrar\\\/\",\"url\":\"https:\\\/\\\/cvx-e.es\\\/ca\\\/comunitats\\\/una-cosa-especial-per-celebrar\\\/\",\"name\":\"Una cosa especial per celebrar - CVX en Espa\u00f1a\",\"isPartOf\":{\"@id\":\"https:\\\/\\\/cvx-e.es\\\/ca\\\/#website\"},\"primaryImageOfPage\":{\"@id\":\"https:\\\/\\\/cvx-e.es\\\/ca\\\/comunitats\\\/una-cosa-especial-per-celebrar\\\/#primaryimage\"},\"image\":{\"@id\":\"https:\\\/\\\/cvx-e.es\\\/ca\\\/comunitats\\\/una-cosa-especial-per-celebrar\\\/#primaryimage\"},\"thumbnailUrl\":\"https:\\\/\\\/cvx-e.es\\\/wp-content\\\/uploads\\\/2023\\\/12\\\/cabeceras-formularios-16-scaled.jpg\",\"datePublished\":\"2023-12-29T10:30:00+00:00\",\"dateModified\":\"2024-01-02T08:05:49+00:00\",\"author\":{\"@id\":\"https:\\\/\\\/cvx-e.es\\\/ca\\\/#\\\/schema\\\/person\\\/7c9a907dc742d4b6bdadb22bb5e3216a\"},\"breadcrumb\":{\"@id\":\"https:\\\/\\\/cvx-e.es\\\/ca\\\/comunitats\\\/una-cosa-especial-per-celebrar\\\/#breadcrumb\"},\"inLanguage\":\"ca\",\"potentialAction\":[{\"@type\":\"ReadAction\",\"target\":[\"https:\\\/\\\/cvx-e.es\\\/ca\\\/comunitats\\\/una-cosa-especial-per-celebrar\\\/\"]}]},{\"@type\":\"ImageObject\",\"inLanguage\":\"ca\",\"@id\":\"https:\\\/\\\/cvx-e.es\\\/ca\\\/comunitats\\\/una-cosa-especial-per-celebrar\\\/#primaryimage\",\"url\":\"https:\\\/\\\/cvx-e.es\\\/wp-content\\\/uploads\\\/2023\\\/12\\\/cabeceras-formularios-16-scaled.jpg\",\"contentUrl\":\"https:\\\/\\\/cvx-e.es\\\/wp-content\\\/uploads\\\/2023\\\/12\\\/cabeceras-formularios-16-scaled.jpg\",\"width\":2560,\"height\":830},{\"@type\":\"BreadcrumbList\",\"@id\":\"https:\\\/\\\/cvx-e.es\\\/ca\\\/comunitats\\\/una-cosa-especial-per-celebrar\\\/#breadcrumb\",\"itemListElement\":[{\"@type\":\"ListItem\",\"position\":1,\"name\":\"Inicio\",\"item\":\"https:\\\/\\\/cvx-e.es\\\/ca\\\/\"},{\"@type\":\"ListItem\",\"position\":2,\"name\":\"Uncategorized @ca\",\"item\":\"https:\\\/\\\/cvx-e.es\\\/ca\\\/categoria\\\/uncategorized-ca\\\/\"},{\"@type\":\"ListItem\",\"position\":3,\"name\":\"Una cosa especial per celebrar\"}]},{\"@type\":\"WebSite\",\"@id\":\"https:\\\/\\\/cvx-e.es\\\/ca\\\/#website\",\"url\":\"https:\\\/\\\/cvx-e.es\\\/ca\\\/\",\"name\":\"CVX en Espa\u00f1a\",\"description\":\"Comunidad de Vida Cristiana Ignaciana\",\"potentialAction\":[{\"@type\":\"SearchAction\",\"target\":{\"@type\":\"EntryPoint\",\"urlTemplate\":\"https:\\\/\\\/cvx-e.es\\\/ca\\\/?s={search_term_string}\"},\"query-input\":{\"@type\":\"PropertyValueSpecification\",\"valueRequired\":true,\"valueName\":\"search_term_string\"}}],\"inLanguage\":\"ca\"},{\"@type\":\"Person\",\"@id\":\"https:\\\/\\\/cvx-e.es\\\/ca\\\/#\\\/schema\\\/person\\\/7c9a907dc742d4b6bdadb22bb5e3216a\",\"name\":\"Comunicacion CVX\",\"image\":{\"@type\":\"ImageObject\",\"inLanguage\":\"ca\",\"@id\":\"https:\\\/\\\/secure.gravatar.com\\\/avatar\\\/52d0ecef773a6d7cb805ade29ae5a7f665f282f661c26a90d1bf4c8b4def7e9e?s=96&d=mm&r=g\",\"url\":\"https:\\\/\\\/secure.gravatar.com\\\/avatar\\\/52d0ecef773a6d7cb805ade29ae5a7f665f282f661c26a90d1bf4c8b4def7e9e?s=96&d=mm&r=g\",\"contentUrl\":\"https:\\\/\\\/secure.gravatar.com\\\/avatar\\\/52d0ecef773a6d7cb805ade29ae5a7f665f282f661c26a90d1bf4c8b4def7e9e?s=96&d=mm&r=g\",\"caption\":\"Comunicacion CVX\"},\"url\":\"https:\\\/\\\/cvx-e.es\\\/ca\\\/author\\\/comunicacion-cvx\\\/\"}]}<\/script>\n<!-- \/ Yoast SEO plugin. -->","yoast_head_json":{"title":"Una cosa especial per celebrar - CVX en Espa\u00f1a","robots":{"index":"index","follow":"follow","max-snippet":"max-snippet:-1","max-image-preview":"max-image-preview:large","max-video-preview":"max-video-preview:-1"},"canonical":"https:\/\/cvx-e.es\/ca\/comunitats\/una-cosa-especial-per-celebrar\/","og_locale":"ca_ES","og_type":"article","og_title":"Una cosa especial per celebrar - CVX en Espa\u00f1a","og_description":"Fa un parell de diumenges vam celebrar una trobada comunit\u00e0ria a la CVX F\u00f2rum Joves de Barcelona. Vam celebrar una eucaristia, vam fer despr\u00e9s reuni\u00f3 per grups i vam acabar [&hellip;]","og_url":"https:\/\/cvx-e.es\/ca\/comunitats\/una-cosa-especial-per-celebrar\/","og_site_name":"CVX en Espa\u00f1a","article_published_time":"2023-12-29T10:30:00+00:00","article_modified_time":"2024-01-02T08:05:49+00:00","og_image":[{"width":2560,"height":830,"url":"https:\/\/cvx-e.es\/wp-content\/uploads\/2023\/12\/cabeceras-formularios-16-scaled.jpg","type":"image\/jpeg"}],"author":"Comunicacion CVX","twitter_card":"summary_large_image","twitter_misc":{"Escrit per":"Comunicacion CVX","Temps estimat de lectura":"1 minut"},"schema":{"@context":"https:\/\/schema.org","@graph":[{"@type":"Article","@id":"https:\/\/cvx-e.es\/ca\/comunitats\/una-cosa-especial-per-celebrar\/#article","isPartOf":{"@id":"https:\/\/cvx-e.es\/ca\/comunitats\/una-cosa-especial-per-celebrar\/"},"author":{"name":"Comunicacion CVX","@id":"https:\/\/cvx-e.es\/ca\/#\/schema\/person\/7c9a907dc742d4b6bdadb22bb5e3216a"},"headline":"Una cosa especial per celebrar","datePublished":"2023-12-29T10:30:00+00:00","dateModified":"2024-01-02T08:05:49+00:00","mainEntityOfPage":{"@id":"https:\/\/cvx-e.es\/ca\/comunitats\/una-cosa-especial-per-celebrar\/"},"wordCount":157,"commentCount":0,"image":{"@id":"https:\/\/cvx-e.es\/ca\/comunitats\/una-cosa-especial-per-celebrar\/#primaryimage"},"thumbnailUrl":"https:\/\/cvx-e.es\/wp-content\/uploads\/2023\/12\/cabeceras-formularios-16-scaled.jpg","articleSection":["Comunitats"],"inLanguage":"ca","potentialAction":[{"@type":"CommentAction","name":"Comment","target":["https:\/\/cvx-e.es\/ca\/comunitats\/una-cosa-especial-per-celebrar\/#respond"]}]},{"@type":"WebPage","@id":"https:\/\/cvx-e.es\/ca\/comunitats\/una-cosa-especial-per-celebrar\/","url":"https:\/\/cvx-e.es\/ca\/comunitats\/una-cosa-especial-per-celebrar\/","name":"Una cosa especial per celebrar - CVX en Espa\u00f1a","isPartOf":{"@id":"https:\/\/cvx-e.es\/ca\/#website"},"primaryImageOfPage":{"@id":"https:\/\/cvx-e.es\/ca\/comunitats\/una-cosa-especial-per-celebrar\/#primaryimage"},"image":{"@id":"https:\/\/cvx-e.es\/ca\/comunitats\/una-cosa-especial-per-celebrar\/#primaryimage"},"thumbnailUrl":"https:\/\/cvx-e.es\/wp-content\/uploads\/2023\/12\/cabeceras-formularios-16-scaled.jpg","datePublished":"2023-12-29T10:30:00+00:00","dateModified":"2024-01-02T08:05:49+00:00","author":{"@id":"https:\/\/cvx-e.es\/ca\/#\/schema\/person\/7c9a907dc742d4b6bdadb22bb5e3216a"},"breadcrumb":{"@id":"https:\/\/cvx-e.es\/ca\/comunitats\/una-cosa-especial-per-celebrar\/#breadcrumb"},"inLanguage":"ca","potentialAction":[{"@type":"ReadAction","target":["https:\/\/cvx-e.es\/ca\/comunitats\/una-cosa-especial-per-celebrar\/"]}]},{"@type":"ImageObject","inLanguage":"ca","@id":"https:\/\/cvx-e.es\/ca\/comunitats\/una-cosa-especial-per-celebrar\/#primaryimage","url":"https:\/\/cvx-e.es\/wp-content\/uploads\/2023\/12\/cabeceras-formularios-16-scaled.jpg","contentUrl":"https:\/\/cvx-e.es\/wp-content\/uploads\/2023\/12\/cabeceras-formularios-16-scaled.jpg","width":2560,"height":830},{"@type":"BreadcrumbList","@id":"https:\/\/cvx-e.es\/ca\/comunitats\/una-cosa-especial-per-celebrar\/#breadcrumb","itemListElement":[{"@type":"ListItem","position":1,"name":"Inicio","item":"https:\/\/cvx-e.es\/ca\/"},{"@type":"ListItem","position":2,"name":"Uncategorized @ca","item":"https:\/\/cvx-e.es\/ca\/categoria\/uncategorized-ca\/"},{"@type":"ListItem","position":3,"name":"Una cosa especial per celebrar"}]},{"@type":"WebSite","@id":"https:\/\/cvx-e.es\/ca\/#website","url":"https:\/\/cvx-e.es\/ca\/","name":"CVX en Espa\u00f1a","description":"Comunidad de Vida Cristiana Ignaciana","potentialAction":[{"@type":"SearchAction","target":{"@type":"EntryPoint","urlTemplate":"https:\/\/cvx-e.es\/ca\/?s={search_term_string}"},"query-input":{"@type":"PropertyValueSpecification","valueRequired":true,"valueName":"search_term_string"}}],"inLanguage":"ca"},{"@type":"Person","@id":"https:\/\/cvx-e.es\/ca\/#\/schema\/person\/7c9a907dc742d4b6bdadb22bb5e3216a","name":"Comunicacion CVX","image":{"@type":"ImageObject","inLanguage":"ca","@id":"https:\/\/secure.gravatar.com\/avatar\/52d0ecef773a6d7cb805ade29ae5a7f665f282f661c26a90d1bf4c8b4def7e9e?s=96&d=mm&r=g","url":"https:\/\/secure.gravatar.com\/avatar\/52d0ecef773a6d7cb805ade29ae5a7f665f282f661c26a90d1bf4c8b4def7e9e?s=96&d=mm&r=g","contentUrl":"https:\/\/secure.gravatar.com\/avatar\/52d0ecef773a6d7cb805ade29ae5a7f665f282f661c26a90d1bf4c8b4def7e9e?s=96&d=mm&r=g","caption":"Comunicacion CVX"},"url":"https:\/\/cvx-e.es\/ca\/author\/comunicacion-cvx\/"}]}},"post_mailing_queue_ids":[],"_links":{"self":[{"href":"https:\/\/cvx-e.es\/ca\/wp-json\/wp\/v2\/posts\/39860","targetHints":{"allow":["GET"]}}],"collection":[{"href":"https:\/\/cvx-e.es\/ca\/wp-json\/wp\/v2\/posts"}],"about":[{"href":"https:\/\/cvx-e.es\/ca\/wp-json\/wp\/v2\/types\/post"}],"author":[{"embeddable":true,"href":"https:\/\/cvx-e.es\/ca\/wp-json\/wp\/v2\/users\/5"}],"replies":[{"embeddable":true,"href":"https:\/\/cvx-e.es\/ca\/wp-json\/wp\/v2\/comments?post=39860"}],"version-history":[{"count":0,"href":"https:\/\/cvx-e.es\/ca\/wp-json\/wp\/v2\/posts\/39860\/revisions"}],"wp:featuredmedia":[{"embeddable":true,"href":"https:\/\/cvx-e.es\/ca\/wp-json\/wp\/v2\/media\/39813"}],"wp:attachment":[{"href":"https:\/\/cvx-e.es\/ca\/wp-json\/wp\/v2\/media?parent=39860"}],"wp:term":[{"taxonomy":"category","embeddable":true,"href":"https:\/\/cvx-e.es\/ca\/wp-json\/wp\/v2\/categories?post=39860"},{"taxonomy":"post_tag","embeddable":true,"href":"https:\/\/cvx-e.es\/ca\/wp-json\/wp\/v2\/tags?post=39860"}],"curies":[{"name":"wp","href":"https:\/\/api.w.org\/{rel}","templated":true}]}}