{"id":40178,"date":"2024-01-19T11:30:00","date_gmt":"2024-01-19T10:30:00","guid":{"rendered":"https:\/\/cvx-e.es\/?p=40178"},"modified":"2024-01-19T13:52:01","modified_gmt":"2024-01-19T12:52:01","slug":"un-retrobament-amb-almeria-al-cor","status":"publish","type":"post","link":"https:\/\/cvx-e.es\/ca\/comunitats\/un-retrobament-amb-almeria-al-cor\/","title":{"rendered":"Un retrobament amb Almeria al cor"},"content":{"rendered":"\n<p class=\"wp-block-paragraph\"><\/p>\n\n<p class=\"wp-block-paragraph\">El passat dos de gener, ens vam trobar amb en Joaqui Salord, sj, antic consiliari de la CVX Berchmans la comunitat, persones d&#8217;altres CVX i membres de la comunitat Casal Loiola afins al projecte d&#8217;Almeria. La trobada va ser una preg\u00e0ria compartida i un mos per celebrar el retrobament. El Joaqui ens va anar desgranant i compartint el dia a dia de les persones migrants a Almeria des de la seva viv\u00e8ncia de la missi\u00f3.<\/p>\n\n<p class=\"wp-block-paragraph\"><\/p>\n\n<p class=\"wp-block-paragraph\">El seu testimoni va ser colpidor, con\u00e8ixer l\u2019actualitat de les persones migrans que viuen en assentaments xabolistes, sense llum ni aigua potable, sense servei de recollida d&#8217;escombraries; homes i dones que estan en situaci\u00f3 de vulnerabilitat, sovint no disposen de papers i desconeixen la llengua castellana.<\/p>\n\n<p class=\"wp-block-paragraph\">Una altre situaci\u00f3 que va compartir amb nosaltres va ser l&#8217;experi\u00e8ncia de les persones que viuen en un assentament, considerat il\u00b7legal, i aquest es derruit avisant amb poc dies d&#8217;anticipaci\u00f3. Per les persones que hi s\u00f3n representa un doble dol, la destrucci\u00f3 de les seves cases i el marxar del lloc que fins aquell moment ha estat la teva llar. Alguns ho perden tot, d\u2019altres recullen el que poden i recorren a familiars, amics o coneguts que els poden acollir temporalment a les seves cases, uns altres en els llocs que s&#8217;habiliten de manera excepcional i una part senzillament han d\u2019iniciar de nou el proc\u00e9s de buscar un lloc per arrecerar-se i tornar a comen\u00e7ar.<\/p>\n\n<p class=\"wp-block-paragraph\">Malgrat aquesta realitat hi ha un bri d\u2019esperan\u00e7a sobretot, en la resili\u00e8ncia d\u2019aquestes persones que tot i les dificultats volen reeixir en el seu objectiu, i \u201cconstruir i reconstruir\u201d petits espais amb palets i pl\u00e0stics d\u2019hivernacle reciclats per fer d\u2019escola i poder rebre unes classes quan el sol ja es pon i han acabat la seva llarga i dura jornada.<\/p>\n\n<p class=\"wp-block-paragraph\">La constituci\u00f3 del Servei Jesu\u00efta a Migrants a Almeria (SJM \u2013 Almeria), durant el 2023 va ser \u201cuna bona not\u00edcia\u201d pel que suposa poder disposar d\u2019un interlocutor v\u00e0lid de relaci\u00f3 amb organismes i institucions p\u00fabliques que permetin m\u00e9s recursos humans, d\u2019organitzaci\u00f3 i materials. Una altre \u00e8xit \u00e9s la rehabilitaci\u00f3 de l\u2019edifici principal de la Casa Arrupe (seu SJM a Puebloblanco) per convertir-lo en casa d\u2019acollida i espai d\u2019hospitalitat per a que algunes d\u2019aquestes persones puguin tenir un petit ajut en el cam\u00ed de fer realitat el seu somni. Ara el treball de l&#8217;equip est\u00e0 centrat en donar forma i concreci\u00f3 a l&#8217;us de la casa. Qui acollir\u00e0, com participaran les persones que hi siguin de la casa a nivell dom\u00e8stic, econ\u00f2mic &#8230;. En fi el repte de triar com farem les coses en un mar immens de necessitats.<\/p>\n\n<p class=\"wp-block-paragraph\">Per concloure va destacar la import\u00e0ncia de la solidaritat de diferents comunitats, la imprescindible tasca del voluntariat que participa en les activitats divulgatives i donant classes. I la voluntat de continuar impulsant la missi\u00f3 d&#8217;acompanyar, servir i i defensar a les persones migrants. Des de la CVX Berchmans i de les altres persones que estavem en la trobada volem donar a con\u00e8ixer aquesta senzilla experi\u00e8ncia, per ser per un moment, la \u201cveu dels que no tenen veu\u201d; i compartir amb vosaltres una experi\u00e8ncia que ens apropa a aquest nen petit i feble que acaba de n\u00e8ixer i espera la nostra col\u00b7laboraci\u00f3.<\/p>\n\n<p class=\"wp-block-paragraph\"><\/p>\n\n<p class=\"wp-block-paragraph\">Altagracia Torrens<\/p>\n\n<p class=\"wp-block-paragraph\">CVX Berchmans<\/p>\n\n<p class=\"wp-block-paragraph\">Barcelona gener de 2024<\/p>\n","protected":false},"excerpt":{"rendered":"<p>El passat dos de gener, ens vam trobar amb en Joaqui Salord, sj, antic consiliari de la CVX Berchmans la comunitat, persones d&#8217;altres CVX i membres de la comunitat Casal [&hellip;]<\/p>\n","protected":false},"author":5,"featured_media":40141,"comment_status":"open","ping_status":"closed","sticky":false,"template":"","format":"standard","meta":{"_et_pb_use_builder":"","_et_pb_old_content":"","_et_gb_content_width":"","_price":"","_stock":"","_tribe_ticket_header":"","_tribe_default_ticket_provider":"","_tribe_ticket_capacity":"0","_ticket_start_date":"","_ticket_end_date":"","_tribe_ticket_show_description":"","_tribe_ticket_show_not_going":false,"_tribe_ticket_use_global_stock":"","_tribe_ticket_global_stock_level":"","_global_stock_mode":"","_global_stock_cap":"","_tribe_rsvp_for_event":"","_tribe_ticket_going_count":"","_tribe_ticket_not_going_count":"","_tribe_tickets_list":"[]","_tribe_ticket_has_attendee_info_fields":false,"footnotes":""},"categories":[516,432],"tags":[],"class_list":["post-40178","post","type-post","status-publish","format-standard","has-post-thumbnail","hentry","category-comunitats","category-uncategorized-ca"],"yoast_head":"<!-- This site is optimized with the Yoast SEO plugin v27.9 - https:\/\/yoast.com\/product\/yoast-seo-wordpress\/ -->\n<title>Un retrobament amb Almeria al cor - CVX en Espa\u00f1a<\/title>\n<meta name=\"robots\" content=\"index, follow, max-snippet:-1, max-image-preview:large, max-video-preview:-1\" \/>\n<link rel=\"canonical\" href=\"https:\/\/cvx-e.es\/ca\/comunitats\/un-retrobament-amb-almeria-al-cor\/\" \/>\n<meta property=\"og:locale\" content=\"ca_ES\" \/>\n<meta property=\"og:type\" content=\"article\" \/>\n<meta property=\"og:title\" content=\"Un retrobament amb Almeria al cor - CVX en Espa\u00f1a\" \/>\n<meta property=\"og:description\" content=\"El passat dos de gener, ens vam trobar amb en Joaqui Salord, sj, antic consiliari de la CVX Berchmans la comunitat, persones d&#8217;altres CVX i membres de la comunitat Casal [&hellip;]\" \/>\n<meta property=\"og:url\" content=\"https:\/\/cvx-e.es\/ca\/comunitats\/un-retrobament-amb-almeria-al-cor\/\" \/>\n<meta property=\"og:site_name\" content=\"CVX en Espa\u00f1a\" \/>\n<meta property=\"article:published_time\" content=\"2024-01-19T10:30:00+00:00\" \/>\n<meta property=\"article:modified_time\" content=\"2024-01-19T12:52:01+00:00\" \/>\n<meta property=\"og:image\" content=\"https:\/\/cvx-e.es\/wp-content\/uploads\/2024\/01\/cabeceras-web-11.jpg\" \/>\n\t<meta property=\"og:image:width\" content=\"1969\" \/>\n\t<meta property=\"og:image:height\" content=\"656\" \/>\n\t<meta property=\"og:image:type\" content=\"image\/jpeg\" \/>\n<meta name=\"author\" content=\"Comunicacion CVX\" \/>\n<meta name=\"twitter:card\" content=\"summary_large_image\" \/>\n<meta name=\"twitter:label1\" content=\"Escrit per\" \/>\n\t<meta name=\"twitter:data1\" content=\"Comunicacion CVX\" \/>\n\t<meta name=\"twitter:label2\" content=\"Temps estimat de lectura\" \/>\n\t<meta name=\"twitter:data2\" content=\"3 minuts\" \/>\n<script type=\"application\/ld+json\" class=\"yoast-schema-graph\">{\"@context\":\"https:\\\/\\\/schema.org\",\"@graph\":[{\"@type\":\"Article\",\"@id\":\"https:\\\/\\\/cvx-e.es\\\/ca\\\/comunitats\\\/un-retrobament-amb-almeria-al-cor\\\/#article\",\"isPartOf\":{\"@id\":\"https:\\\/\\\/cvx-e.es\\\/ca\\\/comunitats\\\/un-retrobament-amb-almeria-al-cor\\\/\"},\"author\":{\"name\":\"Comunicacion CVX\",\"@id\":\"https:\\\/\\\/cvx-e.es\\\/ca\\\/#\\\/schema\\\/person\\\/7c9a907dc742d4b6bdadb22bb5e3216a\"},\"headline\":\"Un retrobament amb Almeria al cor\",\"datePublished\":\"2024-01-19T10:30:00+00:00\",\"dateModified\":\"2024-01-19T12:52:01+00:00\",\"mainEntityOfPage\":{\"@id\":\"https:\\\/\\\/cvx-e.es\\\/ca\\\/comunitats\\\/un-retrobament-amb-almeria-al-cor\\\/\"},\"wordCount\":591,\"commentCount\":0,\"image\":{\"@id\":\"https:\\\/\\\/cvx-e.es\\\/ca\\\/comunitats\\\/un-retrobament-amb-almeria-al-cor\\\/#primaryimage\"},\"thumbnailUrl\":\"https:\\\/\\\/cvx-e.es\\\/wp-content\\\/uploads\\\/2024\\\/01\\\/cabeceras-web-11.jpg\",\"articleSection\":[\"Comunitats\",\"Uncategorized @ca\"],\"inLanguage\":\"ca\",\"potentialAction\":[{\"@type\":\"CommentAction\",\"name\":\"Comment\",\"target\":[\"https:\\\/\\\/cvx-e.es\\\/ca\\\/comunitats\\\/un-retrobament-amb-almeria-al-cor\\\/#respond\"]}]},{\"@type\":\"WebPage\",\"@id\":\"https:\\\/\\\/cvx-e.es\\\/ca\\\/comunitats\\\/un-retrobament-amb-almeria-al-cor\\\/\",\"url\":\"https:\\\/\\\/cvx-e.es\\\/ca\\\/comunitats\\\/un-retrobament-amb-almeria-al-cor\\\/\",\"name\":\"Un retrobament amb Almeria al cor - CVX en Espa\u00f1a\",\"isPartOf\":{\"@id\":\"https:\\\/\\\/cvx-e.es\\\/ca\\\/#website\"},\"primaryImageOfPage\":{\"@id\":\"https:\\\/\\\/cvx-e.es\\\/ca\\\/comunitats\\\/un-retrobament-amb-almeria-al-cor\\\/#primaryimage\"},\"image\":{\"@id\":\"https:\\\/\\\/cvx-e.es\\\/ca\\\/comunitats\\\/un-retrobament-amb-almeria-al-cor\\\/#primaryimage\"},\"thumbnailUrl\":\"https:\\\/\\\/cvx-e.es\\\/wp-content\\\/uploads\\\/2024\\\/01\\\/cabeceras-web-11.jpg\",\"datePublished\":\"2024-01-19T10:30:00+00:00\",\"dateModified\":\"2024-01-19T12:52:01+00:00\",\"author\":{\"@id\":\"https:\\\/\\\/cvx-e.es\\\/ca\\\/#\\\/schema\\\/person\\\/7c9a907dc742d4b6bdadb22bb5e3216a\"},\"breadcrumb\":{\"@id\":\"https:\\\/\\\/cvx-e.es\\\/ca\\\/comunitats\\\/un-retrobament-amb-almeria-al-cor\\\/#breadcrumb\"},\"inLanguage\":\"ca\",\"potentialAction\":[{\"@type\":\"ReadAction\",\"target\":[\"https:\\\/\\\/cvx-e.es\\\/ca\\\/comunitats\\\/un-retrobament-amb-almeria-al-cor\\\/\"]}]},{\"@type\":\"ImageObject\",\"inLanguage\":\"ca\",\"@id\":\"https:\\\/\\\/cvx-e.es\\\/ca\\\/comunitats\\\/un-retrobament-amb-almeria-al-cor\\\/#primaryimage\",\"url\":\"https:\\\/\\\/cvx-e.es\\\/wp-content\\\/uploads\\\/2024\\\/01\\\/cabeceras-web-11.jpg\",\"contentUrl\":\"https:\\\/\\\/cvx-e.es\\\/wp-content\\\/uploads\\\/2024\\\/01\\\/cabeceras-web-11.jpg\",\"width\":1969,\"height\":656},{\"@type\":\"BreadcrumbList\",\"@id\":\"https:\\\/\\\/cvx-e.es\\\/ca\\\/comunitats\\\/un-retrobament-amb-almeria-al-cor\\\/#breadcrumb\",\"itemListElement\":[{\"@type\":\"ListItem\",\"position\":1,\"name\":\"Inicio\",\"item\":\"https:\\\/\\\/cvx-e.es\\\/ca\\\/\"},{\"@type\":\"ListItem\",\"position\":2,\"name\":\"Comunitats\",\"item\":\"https:\\\/\\\/cvx-e.es\\\/ca\\\/categoria\\\/comunitats\\\/\"},{\"@type\":\"ListItem\",\"position\":3,\"name\":\"Un retrobament amb Almeria al cor\"}]},{\"@type\":\"WebSite\",\"@id\":\"https:\\\/\\\/cvx-e.es\\\/ca\\\/#website\",\"url\":\"https:\\\/\\\/cvx-e.es\\\/ca\\\/\",\"name\":\"CVX en Espa\u00f1a\",\"description\":\"Comunidad de Vida Cristiana Ignaciana\",\"potentialAction\":[{\"@type\":\"SearchAction\",\"target\":{\"@type\":\"EntryPoint\",\"urlTemplate\":\"https:\\\/\\\/cvx-e.es\\\/ca\\\/?s={search_term_string}\"},\"query-input\":{\"@type\":\"PropertyValueSpecification\",\"valueRequired\":true,\"valueName\":\"search_term_string\"}}],\"inLanguage\":\"ca\"},{\"@type\":\"Person\",\"@id\":\"https:\\\/\\\/cvx-e.es\\\/ca\\\/#\\\/schema\\\/person\\\/7c9a907dc742d4b6bdadb22bb5e3216a\",\"name\":\"Comunicacion CVX\",\"image\":{\"@type\":\"ImageObject\",\"inLanguage\":\"ca\",\"@id\":\"https:\\\/\\\/secure.gravatar.com\\\/avatar\\\/52d0ecef773a6d7cb805ade29ae5a7f665f282f661c26a90d1bf4c8b4def7e9e?s=96&d=mm&r=g\",\"url\":\"https:\\\/\\\/secure.gravatar.com\\\/avatar\\\/52d0ecef773a6d7cb805ade29ae5a7f665f282f661c26a90d1bf4c8b4def7e9e?s=96&d=mm&r=g\",\"contentUrl\":\"https:\\\/\\\/secure.gravatar.com\\\/avatar\\\/52d0ecef773a6d7cb805ade29ae5a7f665f282f661c26a90d1bf4c8b4def7e9e?s=96&d=mm&r=g\",\"caption\":\"Comunicacion CVX\"},\"url\":\"https:\\\/\\\/cvx-e.es\\\/ca\\\/author\\\/comunicacion-cvx\\\/\"}]}<\/script>\n<!-- \/ Yoast SEO plugin. -->","yoast_head_json":{"title":"Un retrobament amb Almeria al cor - CVX en Espa\u00f1a","robots":{"index":"index","follow":"follow","max-snippet":"max-snippet:-1","max-image-preview":"max-image-preview:large","max-video-preview":"max-video-preview:-1"},"canonical":"https:\/\/cvx-e.es\/ca\/comunitats\/un-retrobament-amb-almeria-al-cor\/","og_locale":"ca_ES","og_type":"article","og_title":"Un retrobament amb Almeria al cor - CVX en Espa\u00f1a","og_description":"El passat dos de gener, ens vam trobar amb en Joaqui Salord, sj, antic consiliari de la CVX Berchmans la comunitat, persones d&#8217;altres CVX i membres de la comunitat Casal [&hellip;]","og_url":"https:\/\/cvx-e.es\/ca\/comunitats\/un-retrobament-amb-almeria-al-cor\/","og_site_name":"CVX en Espa\u00f1a","article_published_time":"2024-01-19T10:30:00+00:00","article_modified_time":"2024-01-19T12:52:01+00:00","og_image":[{"width":1969,"height":656,"url":"https:\/\/cvx-e.es\/wp-content\/uploads\/2024\/01\/cabeceras-web-11.jpg","type":"image\/jpeg"}],"author":"Comunicacion CVX","twitter_card":"summary_large_image","twitter_misc":{"Escrit per":"Comunicacion CVX","Temps estimat de lectura":"3 minuts"},"schema":{"@context":"https:\/\/schema.org","@graph":[{"@type":"Article","@id":"https:\/\/cvx-e.es\/ca\/comunitats\/un-retrobament-amb-almeria-al-cor\/#article","isPartOf":{"@id":"https:\/\/cvx-e.es\/ca\/comunitats\/un-retrobament-amb-almeria-al-cor\/"},"author":{"name":"Comunicacion CVX","@id":"https:\/\/cvx-e.es\/ca\/#\/schema\/person\/7c9a907dc742d4b6bdadb22bb5e3216a"},"headline":"Un retrobament amb Almeria al cor","datePublished":"2024-01-19T10:30:00+00:00","dateModified":"2024-01-19T12:52:01+00:00","mainEntityOfPage":{"@id":"https:\/\/cvx-e.es\/ca\/comunitats\/un-retrobament-amb-almeria-al-cor\/"},"wordCount":591,"commentCount":0,"image":{"@id":"https:\/\/cvx-e.es\/ca\/comunitats\/un-retrobament-amb-almeria-al-cor\/#primaryimage"},"thumbnailUrl":"https:\/\/cvx-e.es\/wp-content\/uploads\/2024\/01\/cabeceras-web-11.jpg","articleSection":["Comunitats","Uncategorized @ca"],"inLanguage":"ca","potentialAction":[{"@type":"CommentAction","name":"Comment","target":["https:\/\/cvx-e.es\/ca\/comunitats\/un-retrobament-amb-almeria-al-cor\/#respond"]}]},{"@type":"WebPage","@id":"https:\/\/cvx-e.es\/ca\/comunitats\/un-retrobament-amb-almeria-al-cor\/","url":"https:\/\/cvx-e.es\/ca\/comunitats\/un-retrobament-amb-almeria-al-cor\/","name":"Un retrobament amb Almeria al cor - CVX en Espa\u00f1a","isPartOf":{"@id":"https:\/\/cvx-e.es\/ca\/#website"},"primaryImageOfPage":{"@id":"https:\/\/cvx-e.es\/ca\/comunitats\/un-retrobament-amb-almeria-al-cor\/#primaryimage"},"image":{"@id":"https:\/\/cvx-e.es\/ca\/comunitats\/un-retrobament-amb-almeria-al-cor\/#primaryimage"},"thumbnailUrl":"https:\/\/cvx-e.es\/wp-content\/uploads\/2024\/01\/cabeceras-web-11.jpg","datePublished":"2024-01-19T10:30:00+00:00","dateModified":"2024-01-19T12:52:01+00:00","author":{"@id":"https:\/\/cvx-e.es\/ca\/#\/schema\/person\/7c9a907dc742d4b6bdadb22bb5e3216a"},"breadcrumb":{"@id":"https:\/\/cvx-e.es\/ca\/comunitats\/un-retrobament-amb-almeria-al-cor\/#breadcrumb"},"inLanguage":"ca","potentialAction":[{"@type":"ReadAction","target":["https:\/\/cvx-e.es\/ca\/comunitats\/un-retrobament-amb-almeria-al-cor\/"]}]},{"@type":"ImageObject","inLanguage":"ca","@id":"https:\/\/cvx-e.es\/ca\/comunitats\/un-retrobament-amb-almeria-al-cor\/#primaryimage","url":"https:\/\/cvx-e.es\/wp-content\/uploads\/2024\/01\/cabeceras-web-11.jpg","contentUrl":"https:\/\/cvx-e.es\/wp-content\/uploads\/2024\/01\/cabeceras-web-11.jpg","width":1969,"height":656},{"@type":"BreadcrumbList","@id":"https:\/\/cvx-e.es\/ca\/comunitats\/un-retrobament-amb-almeria-al-cor\/#breadcrumb","itemListElement":[{"@type":"ListItem","position":1,"name":"Inicio","item":"https:\/\/cvx-e.es\/ca\/"},{"@type":"ListItem","position":2,"name":"Comunitats","item":"https:\/\/cvx-e.es\/ca\/categoria\/comunitats\/"},{"@type":"ListItem","position":3,"name":"Un retrobament amb Almeria al cor"}]},{"@type":"WebSite","@id":"https:\/\/cvx-e.es\/ca\/#website","url":"https:\/\/cvx-e.es\/ca\/","name":"CVX en Espa\u00f1a","description":"Comunidad de Vida Cristiana Ignaciana","potentialAction":[{"@type":"SearchAction","target":{"@type":"EntryPoint","urlTemplate":"https:\/\/cvx-e.es\/ca\/?s={search_term_string}"},"query-input":{"@type":"PropertyValueSpecification","valueRequired":true,"valueName":"search_term_string"}}],"inLanguage":"ca"},{"@type":"Person","@id":"https:\/\/cvx-e.es\/ca\/#\/schema\/person\/7c9a907dc742d4b6bdadb22bb5e3216a","name":"Comunicacion CVX","image":{"@type":"ImageObject","inLanguage":"ca","@id":"https:\/\/secure.gravatar.com\/avatar\/52d0ecef773a6d7cb805ade29ae5a7f665f282f661c26a90d1bf4c8b4def7e9e?s=96&d=mm&r=g","url":"https:\/\/secure.gravatar.com\/avatar\/52d0ecef773a6d7cb805ade29ae5a7f665f282f661c26a90d1bf4c8b4def7e9e?s=96&d=mm&r=g","contentUrl":"https:\/\/secure.gravatar.com\/avatar\/52d0ecef773a6d7cb805ade29ae5a7f665f282f661c26a90d1bf4c8b4def7e9e?s=96&d=mm&r=g","caption":"Comunicacion CVX"},"url":"https:\/\/cvx-e.es\/ca\/author\/comunicacion-cvx\/"}]}},"post_mailing_queue_ids":[],"_links":{"self":[{"href":"https:\/\/cvx-e.es\/ca\/wp-json\/wp\/v2\/posts\/40178","targetHints":{"allow":["GET"]}}],"collection":[{"href":"https:\/\/cvx-e.es\/ca\/wp-json\/wp\/v2\/posts"}],"about":[{"href":"https:\/\/cvx-e.es\/ca\/wp-json\/wp\/v2\/types\/post"}],"author":[{"embeddable":true,"href":"https:\/\/cvx-e.es\/ca\/wp-json\/wp\/v2\/users\/5"}],"replies":[{"embeddable":true,"href":"https:\/\/cvx-e.es\/ca\/wp-json\/wp\/v2\/comments?post=40178"}],"version-history":[{"count":0,"href":"https:\/\/cvx-e.es\/ca\/wp-json\/wp\/v2\/posts\/40178\/revisions"}],"wp:featuredmedia":[{"embeddable":true,"href":"https:\/\/cvx-e.es\/ca\/wp-json\/wp\/v2\/media\/40141"}],"wp:attachment":[{"href":"https:\/\/cvx-e.es\/ca\/wp-json\/wp\/v2\/media?parent=40178"}],"wp:term":[{"taxonomy":"category","embeddable":true,"href":"https:\/\/cvx-e.es\/ca\/wp-json\/wp\/v2\/categories?post=40178"},{"taxonomy":"post_tag","embeddable":true,"href":"https:\/\/cvx-e.es\/ca\/wp-json\/wp\/v2\/tags?post=40178"}],"curies":[{"name":"wp","href":"https:\/\/api.w.org\/{rel}","templated":true}]}}