{"id":42171,"date":"2024-03-13T11:30:00","date_gmt":"2024-03-13T10:30:00","guid":{"rendered":"https:\/\/cvx-e.es\/uncategorized-ca\/sobre-les-olors-que-desprenem-i-busquem\/"},"modified":"2024-03-14T12:38:18","modified_gmt":"2024-03-14T11:38:18","slug":"sobre-les-olors-que-desprenem-i-busquem","status":"publish","type":"post","link":"https:\/\/cvx-e.es\/ca\/uncategorized-ca\/sobre-les-olors-que-desprenem-i-busquem\/","title":{"rendered":"Sobre les \u201colors\u201d que desprenem i busquem"},"content":{"rendered":"\n<p class=\"wp-block-paragraph\"><\/p>\n\n<p class=\"wp-block-paragraph\">La comunitat CVX Forum Joves es va reunir el passat 18 de febrer al Casal Loiola en un dels encontres mensuals que venim celebrant des del curs passat. Aquest cop ha estat una reuni\u00f3 especial ja que hem convidat a altres grups i persones del Casal, per que ens coneguin i puguin fer un tastet de com s\u00f3n i treballem.<\/p>\n\n<p class=\"wp-block-paragraph\">La trobada ha estat molt reeixida La idea era fer el que fem habitualment: compartir en grups i celebrar l\u2019Eucaristia. A partir d\u2019una din\u00e0mica senzilla, la lectura d\u2019un conte persa sobre les olors, hem reflexionat sobre quines \u201colors\u201d (espirituals) desprenem i quines \u201cbusquem\u201d. Aix\u00f2 ens ha servit per con\u00e8ixer-nos els uns i els altres. Alguns ens han preguntat que era aix\u00f2 de la vocaci\u00f3 i comprom\u00eds CVX. Els ha resultat un concepte nou i sorprenent. Des de la nostra experi\u00e8ncia, els ho hem explicat.<\/p>\n\n<p class=\"wp-block-paragraph\">A l\u2019 Eucaristia final hem encomanat el nou nad\u00f3 que ha nascut dins la comunitat, amb un petit acte simb\u00f2lic de presentar dos aneguets a l\u2019ofertori (ja tenim dos nadons!) i tamb\u00e9 la preparaci\u00f3 de l\u2019Assemblea de CVX-Espa\u00f1a que tindr\u00e0 lloc a l\u2019agost, a M\u00e0laga.<\/p>\n\n<p class=\"wp-block-paragraph\">El mes que ve la nostra trobada ser\u00e0 a Lleida, el 16 de mar\u00e7, per celebrar e Dia Mundial de la CVX\u2026 Ens veiem all\u00e0!<\/p>\n\n<p class=\"wp-block-paragraph\"><\/p>\n\n<p class=\"wp-block-paragraph\">Ana Moreu<\/p>\n\n<p class=\"wp-block-paragraph\">CVX Forum Joves en Barcelona<\/p>\n\n<p class=\"wp-block-paragraph\"><\/p>\n","protected":false},"excerpt":{"rendered":"<p>La comunitat CVX Forum Joves es va reunir el passat 18 de febrer al Casal Loiola en un dels encontres mensuals que venim celebrant des del curs passat. Aquest cop [&hellip;]<\/p>\n","protected":false},"author":5,"featured_media":42127,"comment_status":"open","ping_status":"closed","sticky":false,"template":"","format":"standard","meta":{"_et_pb_use_builder":"","_et_pb_old_content":"","_et_gb_content_width":"","_price":"","_stock":"","_tribe_ticket_header":"","_tribe_default_ticket_provider":"","_tribe_ticket_capacity":"0","_ticket_start_date":"","_ticket_end_date":"","_tribe_ticket_show_description":"","_tribe_ticket_show_not_going":false,"_tribe_ticket_use_global_stock":"","_tribe_ticket_global_stock_level":"","_global_stock_mode":"","_global_stock_cap":"","_tribe_rsvp_for_event":"","_tribe_ticket_going_count":"","_tribe_ticket_not_going_count":"","_tribe_tickets_list":"[]","_tribe_ticket_has_attendee_info_fields":false,"footnotes":""},"categories":[516,432],"tags":[],"class_list":["post-42171","post","type-post","status-publish","format-standard","has-post-thumbnail","hentry","category-comunitats","category-uncategorized-ca"],"yoast_head":"<!-- This site is optimized with the Yoast SEO plugin v27.9 - https:\/\/yoast.com\/product\/yoast-seo-wordpress\/ -->\n<title>Sobre les \u201colors\u201d que desprenem i busquem - CVX en Espa\u00f1a<\/title>\n<meta name=\"robots\" content=\"index, follow, max-snippet:-1, max-image-preview:large, max-video-preview:-1\" \/>\n<link rel=\"canonical\" href=\"https:\/\/cvx-e.es\/ca\/uncategorized-ca\/sobre-les-olors-que-desprenem-i-busquem\/\" \/>\n<meta property=\"og:locale\" content=\"ca_ES\" \/>\n<meta property=\"og:type\" content=\"article\" \/>\n<meta property=\"og:title\" content=\"Sobre les \u201colors\u201d que desprenem i busquem - CVX en Espa\u00f1a\" \/>\n<meta property=\"og:description\" content=\"La comunitat CVX Forum Joves es va reunir el passat 18 de febrer al Casal Loiola en un dels encontres mensuals que venim celebrant des del curs passat. Aquest cop [&hellip;]\" \/>\n<meta property=\"og:url\" content=\"https:\/\/cvx-e.es\/ca\/uncategorized-ca\/sobre-les-olors-que-desprenem-i-busquem\/\" \/>\n<meta property=\"og:site_name\" content=\"CVX en Espa\u00f1a\" \/>\n<meta property=\"article:published_time\" content=\"2024-03-13T10:30:00+00:00\" \/>\n<meta property=\"article:modified_time\" content=\"2024-03-14T11:38:18+00:00\" \/>\n<meta property=\"og:image\" content=\"https:\/\/cvx-e.es\/wp-content\/uploads\/2024\/03\/20240219_220659-1.jpg\" \/>\n\t<meta property=\"og:image:width\" content=\"2038\" \/>\n\t<meta property=\"og:image:height\" content=\"1430\" \/>\n\t<meta property=\"og:image:type\" content=\"image\/jpeg\" \/>\n<meta name=\"author\" content=\"Comunicacion CVX\" \/>\n<meta name=\"twitter:card\" content=\"summary_large_image\" \/>\n<meta name=\"twitter:label1\" content=\"Escrit per\" \/>\n\t<meta name=\"twitter:data1\" content=\"Comunicacion CVX\" \/>\n\t<meta name=\"twitter:label2\" content=\"Temps estimat de lectura\" \/>\n\t<meta name=\"twitter:data2\" content=\"1 minut\" \/>\n<script type=\"application\/ld+json\" class=\"yoast-schema-graph\">{\"@context\":\"https:\\\/\\\/schema.org\",\"@graph\":[{\"@type\":\"Article\",\"@id\":\"https:\\\/\\\/cvx-e.es\\\/ca\\\/uncategorized-ca\\\/sobre-les-olors-que-desprenem-i-busquem\\\/#article\",\"isPartOf\":{\"@id\":\"https:\\\/\\\/cvx-e.es\\\/ca\\\/uncategorized-ca\\\/sobre-les-olors-que-desprenem-i-busquem\\\/\"},\"author\":{\"name\":\"Comunicacion CVX\",\"@id\":\"https:\\\/\\\/cvx-e.es\\\/ca\\\/#\\\/schema\\\/person\\\/7c9a907dc742d4b6bdadb22bb5e3216a\"},\"headline\":\"Sobre les \u201colors\u201d que desprenem i busquem\",\"datePublished\":\"2024-03-13T10:30:00+00:00\",\"dateModified\":\"2024-03-14T11:38:18+00:00\",\"mainEntityOfPage\":{\"@id\":\"https:\\\/\\\/cvx-e.es\\\/ca\\\/uncategorized-ca\\\/sobre-les-olors-que-desprenem-i-busquem\\\/\"},\"wordCount\":240,\"commentCount\":0,\"image\":{\"@id\":\"https:\\\/\\\/cvx-e.es\\\/ca\\\/uncategorized-ca\\\/sobre-les-olors-que-desprenem-i-busquem\\\/#primaryimage\"},\"thumbnailUrl\":\"https:\\\/\\\/cvx-e.es\\\/wp-content\\\/uploads\\\/2024\\\/03\\\/20240219_220659-1.jpg\",\"articleSection\":[\"Comunitats\",\"Uncategorized @ca\"],\"inLanguage\":\"ca\",\"potentialAction\":[{\"@type\":\"CommentAction\",\"name\":\"Comment\",\"target\":[\"https:\\\/\\\/cvx-e.es\\\/ca\\\/uncategorized-ca\\\/sobre-les-olors-que-desprenem-i-busquem\\\/#respond\"]}]},{\"@type\":\"WebPage\",\"@id\":\"https:\\\/\\\/cvx-e.es\\\/ca\\\/uncategorized-ca\\\/sobre-les-olors-que-desprenem-i-busquem\\\/\",\"url\":\"https:\\\/\\\/cvx-e.es\\\/ca\\\/uncategorized-ca\\\/sobre-les-olors-que-desprenem-i-busquem\\\/\",\"name\":\"Sobre les \u201colors\u201d que desprenem i busquem - CVX en Espa\u00f1a\",\"isPartOf\":{\"@id\":\"https:\\\/\\\/cvx-e.es\\\/ca\\\/#website\"},\"primaryImageOfPage\":{\"@id\":\"https:\\\/\\\/cvx-e.es\\\/ca\\\/uncategorized-ca\\\/sobre-les-olors-que-desprenem-i-busquem\\\/#primaryimage\"},\"image\":{\"@id\":\"https:\\\/\\\/cvx-e.es\\\/ca\\\/uncategorized-ca\\\/sobre-les-olors-que-desprenem-i-busquem\\\/#primaryimage\"},\"thumbnailUrl\":\"https:\\\/\\\/cvx-e.es\\\/wp-content\\\/uploads\\\/2024\\\/03\\\/20240219_220659-1.jpg\",\"datePublished\":\"2024-03-13T10:30:00+00:00\",\"dateModified\":\"2024-03-14T11:38:18+00:00\",\"author\":{\"@id\":\"https:\\\/\\\/cvx-e.es\\\/ca\\\/#\\\/schema\\\/person\\\/7c9a907dc742d4b6bdadb22bb5e3216a\"},\"breadcrumb\":{\"@id\":\"https:\\\/\\\/cvx-e.es\\\/ca\\\/uncategorized-ca\\\/sobre-les-olors-que-desprenem-i-busquem\\\/#breadcrumb\"},\"inLanguage\":\"ca\",\"potentialAction\":[{\"@type\":\"ReadAction\",\"target\":[\"https:\\\/\\\/cvx-e.es\\\/ca\\\/uncategorized-ca\\\/sobre-les-olors-que-desprenem-i-busquem\\\/\"]}]},{\"@type\":\"ImageObject\",\"inLanguage\":\"ca\",\"@id\":\"https:\\\/\\\/cvx-e.es\\\/ca\\\/uncategorized-ca\\\/sobre-les-olors-que-desprenem-i-busquem\\\/#primaryimage\",\"url\":\"https:\\\/\\\/cvx-e.es\\\/wp-content\\\/uploads\\\/2024\\\/03\\\/20240219_220659-1.jpg\",\"contentUrl\":\"https:\\\/\\\/cvx-e.es\\\/wp-content\\\/uploads\\\/2024\\\/03\\\/20240219_220659-1.jpg\",\"width\":2038,\"height\":1430},{\"@type\":\"BreadcrumbList\",\"@id\":\"https:\\\/\\\/cvx-e.es\\\/ca\\\/uncategorized-ca\\\/sobre-les-olors-que-desprenem-i-busquem\\\/#breadcrumb\",\"itemListElement\":[{\"@type\":\"ListItem\",\"position\":1,\"name\":\"Inicio\",\"item\":\"https:\\\/\\\/cvx-e.es\\\/ca\\\/\"},{\"@type\":\"ListItem\",\"position\":2,\"name\":\"Uncategorized @ca\",\"item\":\"https:\\\/\\\/cvx-e.es\\\/ca\\\/categoria\\\/uncategorized-ca\\\/\"},{\"@type\":\"ListItem\",\"position\":3,\"name\":\"Sobre les \u201colors\u201d que desprenem i busquem\"}]},{\"@type\":\"WebSite\",\"@id\":\"https:\\\/\\\/cvx-e.es\\\/ca\\\/#website\",\"url\":\"https:\\\/\\\/cvx-e.es\\\/ca\\\/\",\"name\":\"CVX en Espa\u00f1a\",\"description\":\"Comunidad de Vida Cristiana Ignaciana\",\"potentialAction\":[{\"@type\":\"SearchAction\",\"target\":{\"@type\":\"EntryPoint\",\"urlTemplate\":\"https:\\\/\\\/cvx-e.es\\\/ca\\\/?s={search_term_string}\"},\"query-input\":{\"@type\":\"PropertyValueSpecification\",\"valueRequired\":true,\"valueName\":\"search_term_string\"}}],\"inLanguage\":\"ca\"},{\"@type\":\"Person\",\"@id\":\"https:\\\/\\\/cvx-e.es\\\/ca\\\/#\\\/schema\\\/person\\\/7c9a907dc742d4b6bdadb22bb5e3216a\",\"name\":\"Comunicacion CVX\",\"image\":{\"@type\":\"ImageObject\",\"inLanguage\":\"ca\",\"@id\":\"https:\\\/\\\/secure.gravatar.com\\\/avatar\\\/52d0ecef773a6d7cb805ade29ae5a7f665f282f661c26a90d1bf4c8b4def7e9e?s=96&d=mm&r=g\",\"url\":\"https:\\\/\\\/secure.gravatar.com\\\/avatar\\\/52d0ecef773a6d7cb805ade29ae5a7f665f282f661c26a90d1bf4c8b4def7e9e?s=96&d=mm&r=g\",\"contentUrl\":\"https:\\\/\\\/secure.gravatar.com\\\/avatar\\\/52d0ecef773a6d7cb805ade29ae5a7f665f282f661c26a90d1bf4c8b4def7e9e?s=96&d=mm&r=g\",\"caption\":\"Comunicacion CVX\"},\"url\":\"https:\\\/\\\/cvx-e.es\\\/ca\\\/author\\\/comunicacion-cvx\\\/\"}]}<\/script>\n<!-- \/ Yoast SEO plugin. -->","yoast_head_json":{"title":"Sobre les \u201colors\u201d que desprenem i busquem - CVX en Espa\u00f1a","robots":{"index":"index","follow":"follow","max-snippet":"max-snippet:-1","max-image-preview":"max-image-preview:large","max-video-preview":"max-video-preview:-1"},"canonical":"https:\/\/cvx-e.es\/ca\/uncategorized-ca\/sobre-les-olors-que-desprenem-i-busquem\/","og_locale":"ca_ES","og_type":"article","og_title":"Sobre les \u201colors\u201d que desprenem i busquem - CVX en Espa\u00f1a","og_description":"La comunitat CVX Forum Joves es va reunir el passat 18 de febrer al Casal Loiola en un dels encontres mensuals que venim celebrant des del curs passat. Aquest cop [&hellip;]","og_url":"https:\/\/cvx-e.es\/ca\/uncategorized-ca\/sobre-les-olors-que-desprenem-i-busquem\/","og_site_name":"CVX en Espa\u00f1a","article_published_time":"2024-03-13T10:30:00+00:00","article_modified_time":"2024-03-14T11:38:18+00:00","og_image":[{"width":2038,"height":1430,"url":"https:\/\/cvx-e.es\/wp-content\/uploads\/2024\/03\/20240219_220659-1.jpg","type":"image\/jpeg"}],"author":"Comunicacion CVX","twitter_card":"summary_large_image","twitter_misc":{"Escrit per":"Comunicacion CVX","Temps estimat de lectura":"1 minut"},"schema":{"@context":"https:\/\/schema.org","@graph":[{"@type":"Article","@id":"https:\/\/cvx-e.es\/ca\/uncategorized-ca\/sobre-les-olors-que-desprenem-i-busquem\/#article","isPartOf":{"@id":"https:\/\/cvx-e.es\/ca\/uncategorized-ca\/sobre-les-olors-que-desprenem-i-busquem\/"},"author":{"name":"Comunicacion CVX","@id":"https:\/\/cvx-e.es\/ca\/#\/schema\/person\/7c9a907dc742d4b6bdadb22bb5e3216a"},"headline":"Sobre les \u201colors\u201d que desprenem i busquem","datePublished":"2024-03-13T10:30:00+00:00","dateModified":"2024-03-14T11:38:18+00:00","mainEntityOfPage":{"@id":"https:\/\/cvx-e.es\/ca\/uncategorized-ca\/sobre-les-olors-que-desprenem-i-busquem\/"},"wordCount":240,"commentCount":0,"image":{"@id":"https:\/\/cvx-e.es\/ca\/uncategorized-ca\/sobre-les-olors-que-desprenem-i-busquem\/#primaryimage"},"thumbnailUrl":"https:\/\/cvx-e.es\/wp-content\/uploads\/2024\/03\/20240219_220659-1.jpg","articleSection":["Comunitats","Uncategorized @ca"],"inLanguage":"ca","potentialAction":[{"@type":"CommentAction","name":"Comment","target":["https:\/\/cvx-e.es\/ca\/uncategorized-ca\/sobre-les-olors-que-desprenem-i-busquem\/#respond"]}]},{"@type":"WebPage","@id":"https:\/\/cvx-e.es\/ca\/uncategorized-ca\/sobre-les-olors-que-desprenem-i-busquem\/","url":"https:\/\/cvx-e.es\/ca\/uncategorized-ca\/sobre-les-olors-que-desprenem-i-busquem\/","name":"Sobre les \u201colors\u201d que desprenem i busquem - CVX en Espa\u00f1a","isPartOf":{"@id":"https:\/\/cvx-e.es\/ca\/#website"},"primaryImageOfPage":{"@id":"https:\/\/cvx-e.es\/ca\/uncategorized-ca\/sobre-les-olors-que-desprenem-i-busquem\/#primaryimage"},"image":{"@id":"https:\/\/cvx-e.es\/ca\/uncategorized-ca\/sobre-les-olors-que-desprenem-i-busquem\/#primaryimage"},"thumbnailUrl":"https:\/\/cvx-e.es\/wp-content\/uploads\/2024\/03\/20240219_220659-1.jpg","datePublished":"2024-03-13T10:30:00+00:00","dateModified":"2024-03-14T11:38:18+00:00","author":{"@id":"https:\/\/cvx-e.es\/ca\/#\/schema\/person\/7c9a907dc742d4b6bdadb22bb5e3216a"},"breadcrumb":{"@id":"https:\/\/cvx-e.es\/ca\/uncategorized-ca\/sobre-les-olors-que-desprenem-i-busquem\/#breadcrumb"},"inLanguage":"ca","potentialAction":[{"@type":"ReadAction","target":["https:\/\/cvx-e.es\/ca\/uncategorized-ca\/sobre-les-olors-que-desprenem-i-busquem\/"]}]},{"@type":"ImageObject","inLanguage":"ca","@id":"https:\/\/cvx-e.es\/ca\/uncategorized-ca\/sobre-les-olors-que-desprenem-i-busquem\/#primaryimage","url":"https:\/\/cvx-e.es\/wp-content\/uploads\/2024\/03\/20240219_220659-1.jpg","contentUrl":"https:\/\/cvx-e.es\/wp-content\/uploads\/2024\/03\/20240219_220659-1.jpg","width":2038,"height":1430},{"@type":"BreadcrumbList","@id":"https:\/\/cvx-e.es\/ca\/uncategorized-ca\/sobre-les-olors-que-desprenem-i-busquem\/#breadcrumb","itemListElement":[{"@type":"ListItem","position":1,"name":"Inicio","item":"https:\/\/cvx-e.es\/ca\/"},{"@type":"ListItem","position":2,"name":"Uncategorized @ca","item":"https:\/\/cvx-e.es\/ca\/categoria\/uncategorized-ca\/"},{"@type":"ListItem","position":3,"name":"Sobre les \u201colors\u201d que desprenem i busquem"}]},{"@type":"WebSite","@id":"https:\/\/cvx-e.es\/ca\/#website","url":"https:\/\/cvx-e.es\/ca\/","name":"CVX en Espa\u00f1a","description":"Comunidad de Vida Cristiana Ignaciana","potentialAction":[{"@type":"SearchAction","target":{"@type":"EntryPoint","urlTemplate":"https:\/\/cvx-e.es\/ca\/?s={search_term_string}"},"query-input":{"@type":"PropertyValueSpecification","valueRequired":true,"valueName":"search_term_string"}}],"inLanguage":"ca"},{"@type":"Person","@id":"https:\/\/cvx-e.es\/ca\/#\/schema\/person\/7c9a907dc742d4b6bdadb22bb5e3216a","name":"Comunicacion CVX","image":{"@type":"ImageObject","inLanguage":"ca","@id":"https:\/\/secure.gravatar.com\/avatar\/52d0ecef773a6d7cb805ade29ae5a7f665f282f661c26a90d1bf4c8b4def7e9e?s=96&d=mm&r=g","url":"https:\/\/secure.gravatar.com\/avatar\/52d0ecef773a6d7cb805ade29ae5a7f665f282f661c26a90d1bf4c8b4def7e9e?s=96&d=mm&r=g","contentUrl":"https:\/\/secure.gravatar.com\/avatar\/52d0ecef773a6d7cb805ade29ae5a7f665f282f661c26a90d1bf4c8b4def7e9e?s=96&d=mm&r=g","caption":"Comunicacion CVX"},"url":"https:\/\/cvx-e.es\/ca\/author\/comunicacion-cvx\/"}]}},"post_mailing_queue_ids":[],"_links":{"self":[{"href":"https:\/\/cvx-e.es\/ca\/wp-json\/wp\/v2\/posts\/42171","targetHints":{"allow":["GET"]}}],"collection":[{"href":"https:\/\/cvx-e.es\/ca\/wp-json\/wp\/v2\/posts"}],"about":[{"href":"https:\/\/cvx-e.es\/ca\/wp-json\/wp\/v2\/types\/post"}],"author":[{"embeddable":true,"href":"https:\/\/cvx-e.es\/ca\/wp-json\/wp\/v2\/users\/5"}],"replies":[{"embeddable":true,"href":"https:\/\/cvx-e.es\/ca\/wp-json\/wp\/v2\/comments?post=42171"}],"version-history":[{"count":0,"href":"https:\/\/cvx-e.es\/ca\/wp-json\/wp\/v2\/posts\/42171\/revisions"}],"wp:featuredmedia":[{"embeddable":true,"href":"https:\/\/cvx-e.es\/ca\/wp-json\/wp\/v2\/media\/42127"}],"wp:attachment":[{"href":"https:\/\/cvx-e.es\/ca\/wp-json\/wp\/v2\/media?parent=42171"}],"wp:term":[{"taxonomy":"category","embeddable":true,"href":"https:\/\/cvx-e.es\/ca\/wp-json\/wp\/v2\/categories?post=42171"},{"taxonomy":"post_tag","embeddable":true,"href":"https:\/\/cvx-e.es\/ca\/wp-json\/wp\/v2\/tags?post=42171"}],"curies":[{"name":"wp","href":"https:\/\/api.w.org\/{rel}","templated":true}]}}