{"id":42450,"date":"2024-04-09T11:30:00","date_gmt":"2024-04-09T09:30:00","guid":{"rendered":"https:\/\/cvx-e.es\/uncategorized-ca\/ressons-de-la-celebracio-del-dia-mundial-a-catalunya\/"},"modified":"2024-04-09T12:09:00","modified_gmt":"2024-04-09T10:09:00","slug":"ressons-de-la-celebracio-del-dia-mundial-a-catalunya","status":"publish","type":"post","link":"https:\/\/cvx-e.es\/ca\/comunitats\/ressons-de-la-celebracio-del-dia-mundial-a-catalunya\/","title":{"rendered":"Ressons de la celebraci\u00f3 del Dia Mundial a Catalunya"},"content":{"rendered":"\n<p class=\"wp-block-paragraph\"><\/p>\n\n<p class=\"wp-block-paragraph\">Dissabte 16 de mar\u00e7, quasi 60 persones ens v\u00e0rem trobar al Col\u00b7legi dels Jesu\u00eftes Lleida de Ra\u00efmat. Acollits per la Comunitat de Xavier de Lleida, despr\u00e9s de la rebuda inicial, es va fer un col\u00b7loqui entre membres de les nostres comunitats que varen participar en l\u2019Assemblea Mundial d\u2019Amiens. Amb el col\u00b7loqui v\u00e0rem poder vivenciar intensament l\u2019experi\u00e8ncia viscuda des del punt de vista dels que varen fer el servei de traducci\u00f3 (tan imprescindible en una trobada aix\u00ed), els delegats o b\u00e9 els participants del dia de portes obertes.<\/p>\n\n<p class=\"wp-block-paragraph\">Pel qui els escolt\u00e0vem va ser una aproximaci\u00f3 molt valuosa per veure i sentir qu\u00e8 significa ser una Comunitat Mundial, m\u00e9s enll\u00e0 dels documents generats i una motivaci\u00f3 per tenir una mirada ben ample de la realitat.<\/p>\n\n<p class=\"wp-block-paragraph\">Despr\u00e9s de fer un petit descans v\u00e0rem continuar amb una presentaci\u00f3 de l\u2019equip de formaci\u00f3 de Cvx Catalunya en la que ens varen recordar qui s\u00f3n tots els seus components a m\u00e9s de la feina que estan realitzant. Se\u2019ns va separar per grups per tal que treball\u00e9ssim sobre la missi\u00f3, la comunitat i l\u2019espiritualitat. Hav\u00edem de concretar quins aspectes creiem m\u00e9s rellevants d\u2019aquests conceptes clau per Cvx, quins elements ens ajuden a fer-los m\u00e9s nostres i concretar-los i per \u00faltim qu\u00e8 podr\u00edem demanar a l\u2019equip de formaci\u00f3 de Cvx Cat per tal que ens ajudi aprofundir en ells. Aquest compartir i dialogar en un grup petit ens va ajudar a sentir-nos m\u00e9s propers els uns als altres i con\u00e8ixer-nos una mica millor.<\/p>\n\n<p class=\"wp-block-paragraph\">En els moments de descans i el dinar es va aprofitar per fer les fotografies de record de rigor i poder xerrar entre tots els companys i companyes en una gran ocasi\u00f3 per encarnar que som membres de la mateixa Comunitat Cvx Catalunya.<\/p>\n\n<p class=\"wp-block-paragraph\">Per acabar a la tarda v\u00e0rem celebrar l\u2019Eucaristia que va presidir en Silvestre Falguera, sj, concelebrant amb en Toni Riera, sj i que v\u00e0rem poder gaudir d\u2019un nombr\u00f3s grup de m\u00fasics pels cants. En definitiva una gran jornada en la que es notava el sentiment d\u2019alegria per haver-nos trobat alhora que una mirada confiada davant els reptes de la realitat.<\/p>\n\n<p class=\"wp-block-paragraph\"><\/p>\n\n<p class=\"wp-block-paragraph\">Xavier Quintana<\/p>\n\n<p class=\"wp-block-paragraph\"><\/p>\n\n<figure class=\"wp-block-gallery has-nested-images columns-default is-cropped wp-block-gallery-1 is-layout-flex wp-block-gallery-is-layout-flex\">\n<figure class=\"wp-block-image size-large\"><img loading=\"lazy\" decoding=\"async\" width=\"1024\" height=\"768\" data-id=\"42435\" src=\"https:\/\/cvx-e.es\/wp-content\/uploads\/2024\/04\/Imatge-de-WhatsApp-2024-03-17-a-les-08.40.55_b017bbb5-1024x768.jpg\" alt=\"\" class=\"wp-image-42435\" srcset=\"https:\/\/cvx-e.es\/wp-content\/uploads\/2024\/04\/Imatge-de-WhatsApp-2024-03-17-a-les-08.40.55_b017bbb5-980x735.jpg 980w, https:\/\/cvx-e.es\/wp-content\/uploads\/2024\/04\/Imatge-de-WhatsApp-2024-03-17-a-les-08.40.55_b017bbb5-480x360.jpg 480w\" sizes=\"(min-width: 0px) and (max-width: 480px) 480px, (min-width: 481px) and (max-width: 980px) 980px, (min-width: 981px) 1024px, 100vw\" \/><\/figure>\n\n\n\n<figure class=\"wp-block-image size-large\"><img loading=\"lazy\" decoding=\"async\" width=\"1024\" height=\"768\" data-id=\"42440\" src=\"https:\/\/cvx-e.es\/wp-content\/uploads\/2024\/04\/Imatge-de-WhatsApp-2024-03-17-a-les-08.40.55_5952fe9c-1024x768.jpg\" alt=\"\" class=\"wp-image-42440\" srcset=\"https:\/\/cvx-e.es\/wp-content\/uploads\/2024\/04\/Imatge-de-WhatsApp-2024-03-17-a-les-08.40.55_5952fe9c-980x735.jpg 980w, https:\/\/cvx-e.es\/wp-content\/uploads\/2024\/04\/Imatge-de-WhatsApp-2024-03-17-a-les-08.40.55_5952fe9c-480x360.jpg 480w\" sizes=\"(min-width: 0px) and (max-width: 480px) 480px, (min-width: 481px) and (max-width: 980px) 980px, (min-width: 981px) 1024px, 100vw\" \/><\/figure>\n<\/figure>\n","protected":false},"excerpt":{"rendered":"<p>Dissabte 16 de mar\u00e7, quasi 60 persones ens v\u00e0rem trobar al Col\u00b7legi dels Jesu\u00eftes Lleida de Ra\u00efmat. Acollits per la Comunitat de Xavier de Lleida, despr\u00e9s de la rebuda inicial, [&hellip;]<\/p>\n","protected":false},"author":5,"featured_media":42432,"comment_status":"open","ping_status":"closed","sticky":false,"template":"","format":"standard","meta":{"_et_pb_use_builder":"","_et_pb_old_content":"","_et_gb_content_width":"","_price":"","_stock":"","_tribe_ticket_header":"","_tribe_default_ticket_provider":"","_tribe_ticket_capacity":"0","_ticket_start_date":"","_ticket_end_date":"","_tribe_ticket_show_description":"","_tribe_ticket_show_not_going":false,"_tribe_ticket_use_global_stock":"","_tribe_ticket_global_stock_level":"","_global_stock_mode":"","_global_stock_cap":"","_tribe_rsvp_for_event":"","_tribe_ticket_going_count":"","_tribe_ticket_not_going_count":"","_tribe_tickets_list":"[]","_tribe_ticket_has_attendee_info_fields":false,"footnotes":""},"categories":[516,432],"tags":[],"class_list":["post-42450","post","type-post","status-publish","format-standard","has-post-thumbnail","hentry","category-comunitats","category-uncategorized-ca"],"yoast_head":"<!-- This site is optimized with the Yoast SEO plugin v27.9 - https:\/\/yoast.com\/product\/yoast-seo-wordpress\/ -->\n<title>Ressons de la celebraci\u00f3 del Dia Mundial a Catalunya - CVX en Espa\u00f1a<\/title>\n<meta name=\"robots\" content=\"index, follow, max-snippet:-1, max-image-preview:large, max-video-preview:-1\" \/>\n<link rel=\"canonical\" href=\"https:\/\/cvx-e.es\/ca\/comunitats\/ressons-de-la-celebracio-del-dia-mundial-a-catalunya\/\" \/>\n<meta property=\"og:locale\" content=\"ca_ES\" \/>\n<meta property=\"og:type\" content=\"article\" \/>\n<meta property=\"og:title\" content=\"Ressons de la celebraci\u00f3 del Dia Mundial a Catalunya - CVX en Espa\u00f1a\" \/>\n<meta property=\"og:description\" content=\"Dissabte 16 de mar\u00e7, quasi 60 persones ens v\u00e0rem trobar al Col\u00b7legi dels Jesu\u00eftes Lleida de Ra\u00efmat. Acollits per la Comunitat de Xavier de Lleida, despr\u00e9s de la rebuda inicial, [&hellip;]\" \/>\n<meta property=\"og:url\" content=\"https:\/\/cvx-e.es\/ca\/comunitats\/ressons-de-la-celebracio-del-dia-mundial-a-catalunya\/\" \/>\n<meta property=\"og:site_name\" content=\"CVX en Espa\u00f1a\" \/>\n<meta property=\"article:published_time\" content=\"2024-04-09T09:30:00+00:00\" \/>\n<meta property=\"article:modified_time\" content=\"2024-04-09T10:09:00+00:00\" \/>\n<meta property=\"og:image\" content=\"https:\/\/cvx-e.es\/wp-content\/uploads\/2024\/04\/AZ6A5706-scaled.jpg\" \/>\n\t<meta property=\"og:image:width\" content=\"2560\" \/>\n\t<meta property=\"og:image:height\" content=\"1420\" \/>\n\t<meta property=\"og:image:type\" content=\"image\/jpeg\" \/>\n<meta name=\"author\" content=\"Comunicacion CVX\" \/>\n<meta name=\"twitter:card\" content=\"summary_large_image\" \/>\n<meta name=\"twitter:label1\" content=\"Escrit per\" \/>\n\t<meta name=\"twitter:data1\" content=\"Comunicacion CVX\" \/>\n\t<meta name=\"twitter:label2\" content=\"Temps estimat de lectura\" \/>\n\t<meta name=\"twitter:data2\" content=\"2 minuts\" \/>\n<script type=\"application\/ld+json\" class=\"yoast-schema-graph\">{\"@context\":\"https:\\\/\\\/schema.org\",\"@graph\":[{\"@type\":\"Article\",\"@id\":\"https:\\\/\\\/cvx-e.es\\\/ca\\\/comunitats\\\/ressons-de-la-celebracio-del-dia-mundial-a-catalunya\\\/#article\",\"isPartOf\":{\"@id\":\"https:\\\/\\\/cvx-e.es\\\/ca\\\/comunitats\\\/ressons-de-la-celebracio-del-dia-mundial-a-catalunya\\\/\"},\"author\":{\"name\":\"Comunicacion CVX\",\"@id\":\"https:\\\/\\\/cvx-e.es\\\/ca\\\/#\\\/schema\\\/person\\\/7c9a907dc742d4b6bdadb22bb5e3216a\"},\"headline\":\"Ressons de la celebraci\u00f3 del Dia Mundial a Catalunya\",\"datePublished\":\"2024-04-09T09:30:00+00:00\",\"dateModified\":\"2024-04-09T10:09:00+00:00\",\"mainEntityOfPage\":{\"@id\":\"https:\\\/\\\/cvx-e.es\\\/ca\\\/comunitats\\\/ressons-de-la-celebracio-del-dia-mundial-a-catalunya\\\/\"},\"wordCount\":395,\"commentCount\":0,\"image\":{\"@id\":\"https:\\\/\\\/cvx-e.es\\\/ca\\\/comunitats\\\/ressons-de-la-celebracio-del-dia-mundial-a-catalunya\\\/#primaryimage\"},\"thumbnailUrl\":\"https:\\\/\\\/cvx-e.es\\\/wp-content\\\/uploads\\\/2024\\\/04\\\/AZ6A5706-scaled.jpg\",\"articleSection\":[\"Comunitats\",\"Uncategorized @ca\"],\"inLanguage\":\"ca\",\"potentialAction\":[{\"@type\":\"CommentAction\",\"name\":\"Comment\",\"target\":[\"https:\\\/\\\/cvx-e.es\\\/ca\\\/comunitats\\\/ressons-de-la-celebracio-del-dia-mundial-a-catalunya\\\/#respond\"]}]},{\"@type\":\"WebPage\",\"@id\":\"https:\\\/\\\/cvx-e.es\\\/ca\\\/comunitats\\\/ressons-de-la-celebracio-del-dia-mundial-a-catalunya\\\/\",\"url\":\"https:\\\/\\\/cvx-e.es\\\/ca\\\/comunitats\\\/ressons-de-la-celebracio-del-dia-mundial-a-catalunya\\\/\",\"name\":\"Ressons de la celebraci\u00f3 del Dia Mundial a Catalunya - CVX en Espa\u00f1a\",\"isPartOf\":{\"@id\":\"https:\\\/\\\/cvx-e.es\\\/ca\\\/#website\"},\"primaryImageOfPage\":{\"@id\":\"https:\\\/\\\/cvx-e.es\\\/ca\\\/comunitats\\\/ressons-de-la-celebracio-del-dia-mundial-a-catalunya\\\/#primaryimage\"},\"image\":{\"@id\":\"https:\\\/\\\/cvx-e.es\\\/ca\\\/comunitats\\\/ressons-de-la-celebracio-del-dia-mundial-a-catalunya\\\/#primaryimage\"},\"thumbnailUrl\":\"https:\\\/\\\/cvx-e.es\\\/wp-content\\\/uploads\\\/2024\\\/04\\\/AZ6A5706-scaled.jpg\",\"datePublished\":\"2024-04-09T09:30:00+00:00\",\"dateModified\":\"2024-04-09T10:09:00+00:00\",\"author\":{\"@id\":\"https:\\\/\\\/cvx-e.es\\\/ca\\\/#\\\/schema\\\/person\\\/7c9a907dc742d4b6bdadb22bb5e3216a\"},\"breadcrumb\":{\"@id\":\"https:\\\/\\\/cvx-e.es\\\/ca\\\/comunitats\\\/ressons-de-la-celebracio-del-dia-mundial-a-catalunya\\\/#breadcrumb\"},\"inLanguage\":\"ca\",\"potentialAction\":[{\"@type\":\"ReadAction\",\"target\":[\"https:\\\/\\\/cvx-e.es\\\/ca\\\/comunitats\\\/ressons-de-la-celebracio-del-dia-mundial-a-catalunya\\\/\"]}]},{\"@type\":\"ImageObject\",\"inLanguage\":\"ca\",\"@id\":\"https:\\\/\\\/cvx-e.es\\\/ca\\\/comunitats\\\/ressons-de-la-celebracio-del-dia-mundial-a-catalunya\\\/#primaryimage\",\"url\":\"https:\\\/\\\/cvx-e.es\\\/wp-content\\\/uploads\\\/2024\\\/04\\\/AZ6A5706-scaled.jpg\",\"contentUrl\":\"https:\\\/\\\/cvx-e.es\\\/wp-content\\\/uploads\\\/2024\\\/04\\\/AZ6A5706-scaled.jpg\",\"width\":2560,\"height\":1420},{\"@type\":\"BreadcrumbList\",\"@id\":\"https:\\\/\\\/cvx-e.es\\\/ca\\\/comunitats\\\/ressons-de-la-celebracio-del-dia-mundial-a-catalunya\\\/#breadcrumb\",\"itemListElement\":[{\"@type\":\"ListItem\",\"position\":1,\"name\":\"Inicio\",\"item\":\"https:\\\/\\\/cvx-e.es\\\/ca\\\/\"},{\"@type\":\"ListItem\",\"position\":2,\"name\":\"Uncategorized @ca\",\"item\":\"https:\\\/\\\/cvx-e.es\\\/ca\\\/categoria\\\/uncategorized-ca\\\/\"},{\"@type\":\"ListItem\",\"position\":3,\"name\":\"Ressons de la celebraci\u00f3 del Dia Mundial a Catalunya\"}]},{\"@type\":\"WebSite\",\"@id\":\"https:\\\/\\\/cvx-e.es\\\/ca\\\/#website\",\"url\":\"https:\\\/\\\/cvx-e.es\\\/ca\\\/\",\"name\":\"CVX en Espa\u00f1a\",\"description\":\"Comunidad de Vida Cristiana Ignaciana\",\"potentialAction\":[{\"@type\":\"SearchAction\",\"target\":{\"@type\":\"EntryPoint\",\"urlTemplate\":\"https:\\\/\\\/cvx-e.es\\\/ca\\\/?s={search_term_string}\"},\"query-input\":{\"@type\":\"PropertyValueSpecification\",\"valueRequired\":true,\"valueName\":\"search_term_string\"}}],\"inLanguage\":\"ca\"},{\"@type\":\"Person\",\"@id\":\"https:\\\/\\\/cvx-e.es\\\/ca\\\/#\\\/schema\\\/person\\\/7c9a907dc742d4b6bdadb22bb5e3216a\",\"name\":\"Comunicacion CVX\",\"image\":{\"@type\":\"ImageObject\",\"inLanguage\":\"ca\",\"@id\":\"https:\\\/\\\/secure.gravatar.com\\\/avatar\\\/52d0ecef773a6d7cb805ade29ae5a7f665f282f661c26a90d1bf4c8b4def7e9e?s=96&d=mm&r=g\",\"url\":\"https:\\\/\\\/secure.gravatar.com\\\/avatar\\\/52d0ecef773a6d7cb805ade29ae5a7f665f282f661c26a90d1bf4c8b4def7e9e?s=96&d=mm&r=g\",\"contentUrl\":\"https:\\\/\\\/secure.gravatar.com\\\/avatar\\\/52d0ecef773a6d7cb805ade29ae5a7f665f282f661c26a90d1bf4c8b4def7e9e?s=96&d=mm&r=g\",\"caption\":\"Comunicacion CVX\"},\"url\":\"https:\\\/\\\/cvx-e.es\\\/ca\\\/author\\\/comunicacion-cvx\\\/\"}]}<\/script>\n<!-- \/ Yoast SEO plugin. -->","yoast_head_json":{"title":"Ressons de la celebraci\u00f3 del Dia Mundial a Catalunya - CVX en Espa\u00f1a","robots":{"index":"index","follow":"follow","max-snippet":"max-snippet:-1","max-image-preview":"max-image-preview:large","max-video-preview":"max-video-preview:-1"},"canonical":"https:\/\/cvx-e.es\/ca\/comunitats\/ressons-de-la-celebracio-del-dia-mundial-a-catalunya\/","og_locale":"ca_ES","og_type":"article","og_title":"Ressons de la celebraci\u00f3 del Dia Mundial a Catalunya - CVX en Espa\u00f1a","og_description":"Dissabte 16 de mar\u00e7, quasi 60 persones ens v\u00e0rem trobar al Col\u00b7legi dels Jesu\u00eftes Lleida de Ra\u00efmat. Acollits per la Comunitat de Xavier de Lleida, despr\u00e9s de la rebuda inicial, [&hellip;]","og_url":"https:\/\/cvx-e.es\/ca\/comunitats\/ressons-de-la-celebracio-del-dia-mundial-a-catalunya\/","og_site_name":"CVX en Espa\u00f1a","article_published_time":"2024-04-09T09:30:00+00:00","article_modified_time":"2024-04-09T10:09:00+00:00","og_image":[{"width":2560,"height":1420,"url":"https:\/\/cvx-e.es\/wp-content\/uploads\/2024\/04\/AZ6A5706-scaled.jpg","type":"image\/jpeg"}],"author":"Comunicacion CVX","twitter_card":"summary_large_image","twitter_misc":{"Escrit per":"Comunicacion CVX","Temps estimat de lectura":"2 minuts"},"schema":{"@context":"https:\/\/schema.org","@graph":[{"@type":"Article","@id":"https:\/\/cvx-e.es\/ca\/comunitats\/ressons-de-la-celebracio-del-dia-mundial-a-catalunya\/#article","isPartOf":{"@id":"https:\/\/cvx-e.es\/ca\/comunitats\/ressons-de-la-celebracio-del-dia-mundial-a-catalunya\/"},"author":{"name":"Comunicacion CVX","@id":"https:\/\/cvx-e.es\/ca\/#\/schema\/person\/7c9a907dc742d4b6bdadb22bb5e3216a"},"headline":"Ressons de la celebraci\u00f3 del Dia Mundial a Catalunya","datePublished":"2024-04-09T09:30:00+00:00","dateModified":"2024-04-09T10:09:00+00:00","mainEntityOfPage":{"@id":"https:\/\/cvx-e.es\/ca\/comunitats\/ressons-de-la-celebracio-del-dia-mundial-a-catalunya\/"},"wordCount":395,"commentCount":0,"image":{"@id":"https:\/\/cvx-e.es\/ca\/comunitats\/ressons-de-la-celebracio-del-dia-mundial-a-catalunya\/#primaryimage"},"thumbnailUrl":"https:\/\/cvx-e.es\/wp-content\/uploads\/2024\/04\/AZ6A5706-scaled.jpg","articleSection":["Comunitats","Uncategorized @ca"],"inLanguage":"ca","potentialAction":[{"@type":"CommentAction","name":"Comment","target":["https:\/\/cvx-e.es\/ca\/comunitats\/ressons-de-la-celebracio-del-dia-mundial-a-catalunya\/#respond"]}]},{"@type":"WebPage","@id":"https:\/\/cvx-e.es\/ca\/comunitats\/ressons-de-la-celebracio-del-dia-mundial-a-catalunya\/","url":"https:\/\/cvx-e.es\/ca\/comunitats\/ressons-de-la-celebracio-del-dia-mundial-a-catalunya\/","name":"Ressons de la celebraci\u00f3 del Dia Mundial a Catalunya - CVX en Espa\u00f1a","isPartOf":{"@id":"https:\/\/cvx-e.es\/ca\/#website"},"primaryImageOfPage":{"@id":"https:\/\/cvx-e.es\/ca\/comunitats\/ressons-de-la-celebracio-del-dia-mundial-a-catalunya\/#primaryimage"},"image":{"@id":"https:\/\/cvx-e.es\/ca\/comunitats\/ressons-de-la-celebracio-del-dia-mundial-a-catalunya\/#primaryimage"},"thumbnailUrl":"https:\/\/cvx-e.es\/wp-content\/uploads\/2024\/04\/AZ6A5706-scaled.jpg","datePublished":"2024-04-09T09:30:00+00:00","dateModified":"2024-04-09T10:09:00+00:00","author":{"@id":"https:\/\/cvx-e.es\/ca\/#\/schema\/person\/7c9a907dc742d4b6bdadb22bb5e3216a"},"breadcrumb":{"@id":"https:\/\/cvx-e.es\/ca\/comunitats\/ressons-de-la-celebracio-del-dia-mundial-a-catalunya\/#breadcrumb"},"inLanguage":"ca","potentialAction":[{"@type":"ReadAction","target":["https:\/\/cvx-e.es\/ca\/comunitats\/ressons-de-la-celebracio-del-dia-mundial-a-catalunya\/"]}]},{"@type":"ImageObject","inLanguage":"ca","@id":"https:\/\/cvx-e.es\/ca\/comunitats\/ressons-de-la-celebracio-del-dia-mundial-a-catalunya\/#primaryimage","url":"https:\/\/cvx-e.es\/wp-content\/uploads\/2024\/04\/AZ6A5706-scaled.jpg","contentUrl":"https:\/\/cvx-e.es\/wp-content\/uploads\/2024\/04\/AZ6A5706-scaled.jpg","width":2560,"height":1420},{"@type":"BreadcrumbList","@id":"https:\/\/cvx-e.es\/ca\/comunitats\/ressons-de-la-celebracio-del-dia-mundial-a-catalunya\/#breadcrumb","itemListElement":[{"@type":"ListItem","position":1,"name":"Inicio","item":"https:\/\/cvx-e.es\/ca\/"},{"@type":"ListItem","position":2,"name":"Uncategorized @ca","item":"https:\/\/cvx-e.es\/ca\/categoria\/uncategorized-ca\/"},{"@type":"ListItem","position":3,"name":"Ressons de la celebraci\u00f3 del Dia Mundial a Catalunya"}]},{"@type":"WebSite","@id":"https:\/\/cvx-e.es\/ca\/#website","url":"https:\/\/cvx-e.es\/ca\/","name":"CVX en Espa\u00f1a","description":"Comunidad de Vida Cristiana Ignaciana","potentialAction":[{"@type":"SearchAction","target":{"@type":"EntryPoint","urlTemplate":"https:\/\/cvx-e.es\/ca\/?s={search_term_string}"},"query-input":{"@type":"PropertyValueSpecification","valueRequired":true,"valueName":"search_term_string"}}],"inLanguage":"ca"},{"@type":"Person","@id":"https:\/\/cvx-e.es\/ca\/#\/schema\/person\/7c9a907dc742d4b6bdadb22bb5e3216a","name":"Comunicacion CVX","image":{"@type":"ImageObject","inLanguage":"ca","@id":"https:\/\/secure.gravatar.com\/avatar\/52d0ecef773a6d7cb805ade29ae5a7f665f282f661c26a90d1bf4c8b4def7e9e?s=96&d=mm&r=g","url":"https:\/\/secure.gravatar.com\/avatar\/52d0ecef773a6d7cb805ade29ae5a7f665f282f661c26a90d1bf4c8b4def7e9e?s=96&d=mm&r=g","contentUrl":"https:\/\/secure.gravatar.com\/avatar\/52d0ecef773a6d7cb805ade29ae5a7f665f282f661c26a90d1bf4c8b4def7e9e?s=96&d=mm&r=g","caption":"Comunicacion CVX"},"url":"https:\/\/cvx-e.es\/ca\/author\/comunicacion-cvx\/"}]}},"post_mailing_queue_ids":[],"_links":{"self":[{"href":"https:\/\/cvx-e.es\/ca\/wp-json\/wp\/v2\/posts\/42450","targetHints":{"allow":["GET"]}}],"collection":[{"href":"https:\/\/cvx-e.es\/ca\/wp-json\/wp\/v2\/posts"}],"about":[{"href":"https:\/\/cvx-e.es\/ca\/wp-json\/wp\/v2\/types\/post"}],"author":[{"embeddable":true,"href":"https:\/\/cvx-e.es\/ca\/wp-json\/wp\/v2\/users\/5"}],"replies":[{"embeddable":true,"href":"https:\/\/cvx-e.es\/ca\/wp-json\/wp\/v2\/comments?post=42450"}],"version-history":[{"count":0,"href":"https:\/\/cvx-e.es\/ca\/wp-json\/wp\/v2\/posts\/42450\/revisions"}],"wp:featuredmedia":[{"embeddable":true,"href":"https:\/\/cvx-e.es\/ca\/wp-json\/wp\/v2\/media\/42432"}],"wp:attachment":[{"href":"https:\/\/cvx-e.es\/ca\/wp-json\/wp\/v2\/media?parent=42450"}],"wp:term":[{"taxonomy":"category","embeddable":true,"href":"https:\/\/cvx-e.es\/ca\/wp-json\/wp\/v2\/categories?post=42450"},{"taxonomy":"post_tag","embeddable":true,"href":"https:\/\/cvx-e.es\/ca\/wp-json\/wp\/v2\/tags?post=42450"}],"curies":[{"name":"wp","href":"https:\/\/api.w.org\/{rel}","templated":true}]}}