{"id":27139,"date":"2021-07-30T10:00:00","date_gmt":"2021-07-30T08:00:00","guid":{"rendered":"https:\/\/cvxe.sjdigitaldemo.ovh\/uncategorized\/day-2-of-embrace-the-world-in-an-ignatian-way-was-like-this\/"},"modified":"2022-09-02T12:12:22","modified_gmt":"2022-09-02T10:12:22","slug":"day-2-of-embrace-the-world-in-an-ignatian-way-was-like-this","status":"publish","type":"post","link":"https:\/\/cvx-e.es\/en\/mision-joven-en\/day-2-of-embrace-the-world-in-an-ignatian-way-was-like-this\/","title":{"rendered":"Day 2 of &#8216;Embrace the world in an ignatian way&#8217; was like this"},"content":{"rendered":"\n<p class=\"wp-block-paragraph\">&#8220;We are called to overcome frontiers in search of one of the great challenges of today: reconciliation. In this, the example of St. Ignatius can serve as a guide for us&#8221;. This is one of the reminders launched by the Executive Vice President of Entreculturas, Daniel Villanueva, SJ, this Friday, August 30, at the <a rel=\"noreferrer noopener\" href=\"http:\/\/cvx-e.es\/embrace-the-world-loyola-21\" target=\"_blank\">World Youth Meeting of the Christian Life Community (CLC), which is being held virtually under the theme <em>Embrace the world in and Ignatian way<\/em><\/a>.<\/p>\n\n<p class=\"wp-block-paragraph\">In a talk on the need to weave networks in order to build the Kingdom of God, he affirmed that &#8220;as Church, we have a vocation to embrace reality from all possible perspectives,&#8221; and he valued the fact that Ignatian members make up a &#8220;diverse apostolic body that is already functioning as a network and that can lead us to a conversion capable of achieving things that were almost unimaginable until now.<\/p>\n\n<p class=\"wp-block-paragraph\">In this regard, he highlighted several examples of fields in which more and better work is being done today thanks to networks, such as the network of Jesuit schools, Magis, Ecojesuit, the Jesuit Migrant Service, or the work being done with refugees and universities.<\/p>\n\n<p class=\"wp-block-paragraph\">The leader of the Jesuit NGOD ended by posing a question to the more than 130 young people from some fifty countries: &#8220;What part of this whole process can touch you in order to grow, beyond what you may have already done for yourself?&#8221;<\/p>\n\n<figure class=\"wp-block-embed is-type-video is-provider-youtube wp-block-embed-youtube wp-embed-aspect-16-9 wp-has-aspect-ratio\"><div class=\"wp-block-embed__wrapper\">\n<iframe loading=\"lazy\" title=\"Building the Kingdom: called to connect through networks - Dani Villanueva, SJ\" width=\"1080\" height=\"608\" src=\"https:\/\/www.youtube.com\/embed\/uIBJZq-zgmU?feature=oembed\"  allow=\"accelerometer; autoplay; clipboard-write; encrypted-media; gyroscope; picture-in-picture\" allowfullscreen><\/iframe>\n<\/div><\/figure>\n\n<p class=\"wp-block-paragraph\">During this second day of the encounter, the superior of the province of Our Lady of Guadalupe of the Claretian Missionary Sisters, Ondina Cort\u00e9s, also participated in video. &#8220;Life is not only what happens to you, but what you do with what happens to you. I wanted to transform my experience into something useful. I want it to be at the service of God&#8217;s project, the Kingdom of God,&#8221; he said.<\/p>\n\n<figure class=\"wp-block-embed is-type-video is-provider-youtube wp-block-embed-youtube wp-embed-aspect-16-9 wp-has-aspect-ratio\"><div class=\"wp-block-embed__wrapper\">\n<iframe loading=\"lazy\" title=\"Loyola: the family home\" width=\"1080\" height=\"608\" src=\"https:\/\/www.youtube.com\/embed\/wsvHHeFe2kU?feature=oembed\"  allow=\"accelerometer; autoplay; clipboard-write; encrypted-media; gyroscope; picture-in-picture\" allowfullscreen><\/iframe>\n<\/div><\/figure>\n\n<p class=\"wp-block-paragraph\">As well as<a href=\"http:\/\/cvx-e.es\/asi-ha-sido-el-dia-1-de-embrace-the-world-in-a-ignatian-way\" target=\"_blank\" rel=\"noreferrer noopener\">  on the first day<\/a>The video of a place linked to St. Ignatius &#8211; the family home, in this case &#8211; was shown, and the so-called &#8220;St. Ignatius of the Cross&#8221; continued to be outlined.  <em>CLC Young Code<\/em>  and testimonies of different CLC members in the world, such as that of Dr. Blanca Gracia, who narrated her experience in the front line of the fight against the pandemic.<\/p>\n\n<figure class=\"wp-block-embed is-type-video is-provider-youtube wp-block-embed-youtube wp-embed-aspect-16-9 wp-has-aspect-ratio\"><div class=\"wp-block-embed__wrapper\">\n<iframe loading=\"lazy\" title=\"Experience: Blanca Gracia, doctor from Madrid (Spain)\" width=\"1080\" height=\"608\" src=\"https:\/\/www.youtube.com\/embed\/6TysYYnfxxM?feature=oembed\"  allow=\"accelerometer; autoplay; clipboard-write; encrypted-media; gyroscope; picture-in-picture\" allowfullscreen><\/iframe>\n<\/div><\/figure>\n\n<p class=\"wp-block-paragraph\">The World CLC Youth Meeting will conclude this Saturday, July 31, feast of St. Ignatius of Loyola, with an intense program that includes interventions by Father General of the Society of Jesus, Arturo Sosa, SJ; the president of CLC Spain, Eduardo Escob\u00e9s, and Jos\u00e9 Mar\u00eda Rodr\u00edguez Olaizola, SJ.<\/p>\n\n<p class=\"wp-block-paragraph\">For more information, you can follow Misi\u00f3n Joven&#8217;s profiles on <a rel=\"noreferrer noopener\" href=\"https:\/\/twitter.com\/misionjovencvxe\" target=\"_blank\">Twitter<\/a>, <a rel=\"noreferrer noopener\" href=\"https:\/\/www.instagram.com\/fejovencvx\/\" target=\"_blank\">Instagram<\/a> and <a href=\"https:\/\/www.facebook.com\/fejovencvx\" target=\"_blank\" rel=\"noreferrer noopener\">Facebook<\/a>, as well as the <a href=\"https:\/\/www.youtube.com\/channel\/UCaItHA3MZ15Z-7yKf3q5WIw\" target=\"_blank\" rel=\"noreferrer noopener\">CLC Spain<\/a> channel <a href=\"https:\/\/www.youtube.com\/channel\/UCaItHA3MZ15Z-7yKf3q5WIw\" target=\"_blank\" rel=\"noreferrer noopener\">on YouTube<\/a>.<\/p>\n","protected":false},"excerpt":{"rendered":"<p>&#8220;We are called to overcome frontiers in search of one of the great challenges of today: reconciliation. In this, the example of St. Ignatius can serve as a guide for [&hellip;]<\/p>\n","protected":false},"author":4,"featured_media":26846,"comment_status":"closed","ping_status":"closed","sticky":false,"template":"","format":"standard","meta":{"_et_pb_use_builder":"","_et_pb_old_content":"","_et_gb_content_width":"","_price":"","_stock":"","_tribe_ticket_header":"","_tribe_default_ticket_provider":"","_tribe_ticket_capacity":"0","_ticket_start_date":"","_ticket_end_date":"","_tribe_ticket_show_description":"","_tribe_ticket_show_not_going":false,"_tribe_ticket_use_global_stock":"","_tribe_ticket_global_stock_level":"","_global_stock_mode":"","_global_stock_cap":"","_tribe_rsvp_for_event":"","_tribe_ticket_going_count":"","_tribe_ticket_not_going_count":"","_tribe_tickets_list":"[]","_tribe_ticket_has_attendee_info_fields":false,"footnotes":""},"categories":[475],"tags":[],"class_list":["post-27139","post","type-post","status-publish","format-standard","has-post-thumbnail","hentry","category-mision-joven-en"],"yoast_head":"<!-- This site is optimized with the Yoast SEO plugin v27.9 - https:\/\/yoast.com\/product\/yoast-seo-wordpress\/ -->\n<title>Day 2 of &#039;Embrace the world in an ignatian way&#039; was like this - CVX en Espa\u00f1a<\/title>\n<meta name=\"robots\" content=\"index, follow, max-snippet:-1, max-image-preview:large, max-video-preview:-1\" \/>\n<link rel=\"canonical\" href=\"https:\/\/cvx-e.es\/en\/mision-joven-en\/day-2-of-embrace-the-world-in-an-ignatian-way-was-like-this\/\" \/>\n<meta property=\"og:locale\" content=\"en_US\" \/>\n<meta property=\"og:type\" content=\"article\" \/>\n<meta property=\"og:title\" content=\"Day 2 of &#039;Embrace the world in an ignatian way&#039; was like this - CVX en Espa\u00f1a\" \/>\n<meta property=\"og:description\" content=\"&#8220;We are called to overcome frontiers in search of one of the great challenges of today: reconciliation. In this, the example of St. Ignatius can serve as a guide for [&hellip;]\" \/>\n<meta property=\"og:url\" content=\"https:\/\/cvx-e.es\/en\/mision-joven-en\/day-2-of-embrace-the-world-in-an-ignatian-way-was-like-this\/\" \/>\n<meta property=\"og:site_name\" content=\"CVX en Espa\u00f1a\" \/>\n<meta property=\"article:published_time\" content=\"2021-07-30T08:00:00+00:00\" \/>\n<meta property=\"article:modified_time\" content=\"2022-09-02T10:12:22+00:00\" \/>\n<meta property=\"og:image\" content=\"https:\/\/cvx-e.es\/wp-content\/uploads\/2022\/09\/embrace_dia2.jpg\" \/>\n\t<meta property=\"og:image:width\" content=\"1024\" \/>\n\t<meta property=\"og:image:height\" content=\"568\" \/>\n\t<meta property=\"og:image:type\" content=\"image\/jpeg\" \/>\n<meta name=\"author\" content=\"Administracion\" \/>\n<meta name=\"twitter:card\" content=\"summary_large_image\" \/>\n<meta name=\"twitter:label1\" content=\"Written by\" \/>\n\t<meta name=\"twitter:data1\" content=\"Administracion\" \/>\n\t<meta name=\"twitter:label2\" content=\"Est. reading time\" \/>\n\t<meta name=\"twitter:data2\" content=\"2 minutes\" \/>\n<script type=\"application\/ld+json\" class=\"yoast-schema-graph\">{\"@context\":\"https:\\\/\\\/schema.org\",\"@graph\":[{\"@type\":\"Article\",\"@id\":\"https:\\\/\\\/cvx-e.es\\\/en\\\/mision-joven-en\\\/day-2-of-embrace-the-world-in-an-ignatian-way-was-like-this\\\/#article\",\"isPartOf\":{\"@id\":\"https:\\\/\\\/cvx-e.es\\\/en\\\/mision-joven-en\\\/day-2-of-embrace-the-world-in-an-ignatian-way-was-like-this\\\/\"},\"author\":{\"name\":\"Administracion\",\"@id\":\"https:\\\/\\\/cvx-e.es\\\/en\\\/#\\\/schema\\\/person\\\/9e98df936af8ab13b1c160d256dacf62\"},\"headline\":\"Day 2 of &#8216;Embrace the world in an ignatian way&#8217; was like this\",\"datePublished\":\"2021-07-30T08:00:00+00:00\",\"dateModified\":\"2022-09-02T10:12:22+00:00\",\"mainEntityOfPage\":{\"@id\":\"https:\\\/\\\/cvx-e.es\\\/en\\\/mision-joven-en\\\/day-2-of-embrace-the-world-in-an-ignatian-way-was-like-this\\\/\"},\"wordCount\":479,\"image\":{\"@id\":\"https:\\\/\\\/cvx-e.es\\\/en\\\/mision-joven-en\\\/day-2-of-embrace-the-world-in-an-ignatian-way-was-like-this\\\/#primaryimage\"},\"thumbnailUrl\":\"https:\\\/\\\/cvx-e.es\\\/wp-content\\\/uploads\\\/2022\\\/09\\\/embrace_dia2.jpg\",\"articleSection\":[\"mision joven\"],\"inLanguage\":\"en-US\"},{\"@type\":\"WebPage\",\"@id\":\"https:\\\/\\\/cvx-e.es\\\/en\\\/mision-joven-en\\\/day-2-of-embrace-the-world-in-an-ignatian-way-was-like-this\\\/\",\"url\":\"https:\\\/\\\/cvx-e.es\\\/en\\\/mision-joven-en\\\/day-2-of-embrace-the-world-in-an-ignatian-way-was-like-this\\\/\",\"name\":\"Day 2 of 'Embrace the world in an ignatian way' was like this - CVX en Espa\u00f1a\",\"isPartOf\":{\"@id\":\"https:\\\/\\\/cvx-e.es\\\/en\\\/#website\"},\"primaryImageOfPage\":{\"@id\":\"https:\\\/\\\/cvx-e.es\\\/en\\\/mision-joven-en\\\/day-2-of-embrace-the-world-in-an-ignatian-way-was-like-this\\\/#primaryimage\"},\"image\":{\"@id\":\"https:\\\/\\\/cvx-e.es\\\/en\\\/mision-joven-en\\\/day-2-of-embrace-the-world-in-an-ignatian-way-was-like-this\\\/#primaryimage\"},\"thumbnailUrl\":\"https:\\\/\\\/cvx-e.es\\\/wp-content\\\/uploads\\\/2022\\\/09\\\/embrace_dia2.jpg\",\"datePublished\":\"2021-07-30T08:00:00+00:00\",\"dateModified\":\"2022-09-02T10:12:22+00:00\",\"author\":{\"@id\":\"https:\\\/\\\/cvx-e.es\\\/en\\\/#\\\/schema\\\/person\\\/9e98df936af8ab13b1c160d256dacf62\"},\"breadcrumb\":{\"@id\":\"https:\\\/\\\/cvx-e.es\\\/en\\\/mision-joven-en\\\/day-2-of-embrace-the-world-in-an-ignatian-way-was-like-this\\\/#breadcrumb\"},\"inLanguage\":\"en-US\",\"potentialAction\":[{\"@type\":\"ReadAction\",\"target\":[\"https:\\\/\\\/cvx-e.es\\\/en\\\/mision-joven-en\\\/day-2-of-embrace-the-world-in-an-ignatian-way-was-like-this\\\/\"]}]},{\"@type\":\"ImageObject\",\"inLanguage\":\"en-US\",\"@id\":\"https:\\\/\\\/cvx-e.es\\\/en\\\/mision-joven-en\\\/day-2-of-embrace-the-world-in-an-ignatian-way-was-like-this\\\/#primaryimage\",\"url\":\"https:\\\/\\\/cvx-e.es\\\/wp-content\\\/uploads\\\/2022\\\/09\\\/embrace_dia2.jpg\",\"contentUrl\":\"https:\\\/\\\/cvx-e.es\\\/wp-content\\\/uploads\\\/2022\\\/09\\\/embrace_dia2.jpg\",\"width\":1024,\"height\":568},{\"@type\":\"BreadcrumbList\",\"@id\":\"https:\\\/\\\/cvx-e.es\\\/en\\\/mision-joven-en\\\/day-2-of-embrace-the-world-in-an-ignatian-way-was-like-this\\\/#breadcrumb\",\"itemListElement\":[{\"@type\":\"ListItem\",\"position\":1,\"name\":\"Inicio\",\"item\":\"https:\\\/\\\/cvx-e.es\\\/en\\\/\"},{\"@type\":\"ListItem\",\"position\":2,\"name\":\"mision joven\",\"item\":\"https:\\\/\\\/cvx-e.es\\\/en\\\/categoria\\\/mision-joven-en\\\/\"},{\"@type\":\"ListItem\",\"position\":3,\"name\":\"Day 2 of &#8216;Embrace the world in an ignatian way&#8217; was like this\"}]},{\"@type\":\"WebSite\",\"@id\":\"https:\\\/\\\/cvx-e.es\\\/en\\\/#website\",\"url\":\"https:\\\/\\\/cvx-e.es\\\/en\\\/\",\"name\":\"CVX en Espa\u00f1a\",\"description\":\"Comunidad de Vida Cristiana Ignaciana\",\"potentialAction\":[{\"@type\":\"SearchAction\",\"target\":{\"@type\":\"EntryPoint\",\"urlTemplate\":\"https:\\\/\\\/cvx-e.es\\\/en\\\/?s={search_term_string}\"},\"query-input\":{\"@type\":\"PropertyValueSpecification\",\"valueRequired\":true,\"valueName\":\"search_term_string\"}}],\"inLanguage\":\"en-US\"},{\"@type\":\"Person\",\"@id\":\"https:\\\/\\\/cvx-e.es\\\/en\\\/#\\\/schema\\\/person\\\/9e98df936af8ab13b1c160d256dacf62\",\"name\":\"Administracion\",\"image\":{\"@type\":\"ImageObject\",\"inLanguage\":\"en-US\",\"@id\":\"https:\\\/\\\/secure.gravatar.com\\\/avatar\\\/4d4a7c0d6994093bfe79a47ddefe834b7cbbfdfba11069c651235157ee57411b?s=96&d=mm&r=g\",\"url\":\"https:\\\/\\\/secure.gravatar.com\\\/avatar\\\/4d4a7c0d6994093bfe79a47ddefe834b7cbbfdfba11069c651235157ee57411b?s=96&d=mm&r=g\",\"contentUrl\":\"https:\\\/\\\/secure.gravatar.com\\\/avatar\\\/4d4a7c0d6994093bfe79a47ddefe834b7cbbfdfba11069c651235157ee57411b?s=96&d=mm&r=g\",\"caption\":\"Administracion\"},\"url\":\"https:\\\/\\\/cvx-e.es\\\/en\\\/author\\\/administracion\\\/\"}]}<\/script>\n<!-- \/ Yoast SEO plugin. -->","yoast_head_json":{"title":"Day 2 of 'Embrace the world in an ignatian way' was like this - CVX en Espa\u00f1a","robots":{"index":"index","follow":"follow","max-snippet":"max-snippet:-1","max-image-preview":"max-image-preview:large","max-video-preview":"max-video-preview:-1"},"canonical":"https:\/\/cvx-e.es\/en\/mision-joven-en\/day-2-of-embrace-the-world-in-an-ignatian-way-was-like-this\/","og_locale":"en_US","og_type":"article","og_title":"Day 2 of 'Embrace the world in an ignatian way' was like this - CVX en Espa\u00f1a","og_description":"&#8220;We are called to overcome frontiers in search of one of the great challenges of today: reconciliation. In this, the example of St. Ignatius can serve as a guide for [&hellip;]","og_url":"https:\/\/cvx-e.es\/en\/mision-joven-en\/day-2-of-embrace-the-world-in-an-ignatian-way-was-like-this\/","og_site_name":"CVX en Espa\u00f1a","article_published_time":"2021-07-30T08:00:00+00:00","article_modified_time":"2022-09-02T10:12:22+00:00","og_image":[{"width":1024,"height":568,"url":"https:\/\/cvx-e.es\/wp-content\/uploads\/2022\/09\/embrace_dia2.jpg","type":"image\/jpeg"}],"author":"Administracion","twitter_card":"summary_large_image","twitter_misc":{"Written by":"Administracion","Est. reading time":"2 minutes"},"schema":{"@context":"https:\/\/schema.org","@graph":[{"@type":"Article","@id":"https:\/\/cvx-e.es\/en\/mision-joven-en\/day-2-of-embrace-the-world-in-an-ignatian-way-was-like-this\/#article","isPartOf":{"@id":"https:\/\/cvx-e.es\/en\/mision-joven-en\/day-2-of-embrace-the-world-in-an-ignatian-way-was-like-this\/"},"author":{"name":"Administracion","@id":"https:\/\/cvx-e.es\/en\/#\/schema\/person\/9e98df936af8ab13b1c160d256dacf62"},"headline":"Day 2 of &#8216;Embrace the world in an ignatian way&#8217; was like this","datePublished":"2021-07-30T08:00:00+00:00","dateModified":"2022-09-02T10:12:22+00:00","mainEntityOfPage":{"@id":"https:\/\/cvx-e.es\/en\/mision-joven-en\/day-2-of-embrace-the-world-in-an-ignatian-way-was-like-this\/"},"wordCount":479,"image":{"@id":"https:\/\/cvx-e.es\/en\/mision-joven-en\/day-2-of-embrace-the-world-in-an-ignatian-way-was-like-this\/#primaryimage"},"thumbnailUrl":"https:\/\/cvx-e.es\/wp-content\/uploads\/2022\/09\/embrace_dia2.jpg","articleSection":["mision joven"],"inLanguage":"en-US"},{"@type":"WebPage","@id":"https:\/\/cvx-e.es\/en\/mision-joven-en\/day-2-of-embrace-the-world-in-an-ignatian-way-was-like-this\/","url":"https:\/\/cvx-e.es\/en\/mision-joven-en\/day-2-of-embrace-the-world-in-an-ignatian-way-was-like-this\/","name":"Day 2 of 'Embrace the world in an ignatian way' was like this - CVX en Espa\u00f1a","isPartOf":{"@id":"https:\/\/cvx-e.es\/en\/#website"},"primaryImageOfPage":{"@id":"https:\/\/cvx-e.es\/en\/mision-joven-en\/day-2-of-embrace-the-world-in-an-ignatian-way-was-like-this\/#primaryimage"},"image":{"@id":"https:\/\/cvx-e.es\/en\/mision-joven-en\/day-2-of-embrace-the-world-in-an-ignatian-way-was-like-this\/#primaryimage"},"thumbnailUrl":"https:\/\/cvx-e.es\/wp-content\/uploads\/2022\/09\/embrace_dia2.jpg","datePublished":"2021-07-30T08:00:00+00:00","dateModified":"2022-09-02T10:12:22+00:00","author":{"@id":"https:\/\/cvx-e.es\/en\/#\/schema\/person\/9e98df936af8ab13b1c160d256dacf62"},"breadcrumb":{"@id":"https:\/\/cvx-e.es\/en\/mision-joven-en\/day-2-of-embrace-the-world-in-an-ignatian-way-was-like-this\/#breadcrumb"},"inLanguage":"en-US","potentialAction":[{"@type":"ReadAction","target":["https:\/\/cvx-e.es\/en\/mision-joven-en\/day-2-of-embrace-the-world-in-an-ignatian-way-was-like-this\/"]}]},{"@type":"ImageObject","inLanguage":"en-US","@id":"https:\/\/cvx-e.es\/en\/mision-joven-en\/day-2-of-embrace-the-world-in-an-ignatian-way-was-like-this\/#primaryimage","url":"https:\/\/cvx-e.es\/wp-content\/uploads\/2022\/09\/embrace_dia2.jpg","contentUrl":"https:\/\/cvx-e.es\/wp-content\/uploads\/2022\/09\/embrace_dia2.jpg","width":1024,"height":568},{"@type":"BreadcrumbList","@id":"https:\/\/cvx-e.es\/en\/mision-joven-en\/day-2-of-embrace-the-world-in-an-ignatian-way-was-like-this\/#breadcrumb","itemListElement":[{"@type":"ListItem","position":1,"name":"Inicio","item":"https:\/\/cvx-e.es\/en\/"},{"@type":"ListItem","position":2,"name":"mision joven","item":"https:\/\/cvx-e.es\/en\/categoria\/mision-joven-en\/"},{"@type":"ListItem","position":3,"name":"Day 2 of &#8216;Embrace the world in an ignatian way&#8217; was like this"}]},{"@type":"WebSite","@id":"https:\/\/cvx-e.es\/en\/#website","url":"https:\/\/cvx-e.es\/en\/","name":"CVX en Espa\u00f1a","description":"Comunidad de Vida Cristiana Ignaciana","potentialAction":[{"@type":"SearchAction","target":{"@type":"EntryPoint","urlTemplate":"https:\/\/cvx-e.es\/en\/?s={search_term_string}"},"query-input":{"@type":"PropertyValueSpecification","valueRequired":true,"valueName":"search_term_string"}}],"inLanguage":"en-US"},{"@type":"Person","@id":"https:\/\/cvx-e.es\/en\/#\/schema\/person\/9e98df936af8ab13b1c160d256dacf62","name":"Administracion","image":{"@type":"ImageObject","inLanguage":"en-US","@id":"https:\/\/secure.gravatar.com\/avatar\/4d4a7c0d6994093bfe79a47ddefe834b7cbbfdfba11069c651235157ee57411b?s=96&d=mm&r=g","url":"https:\/\/secure.gravatar.com\/avatar\/4d4a7c0d6994093bfe79a47ddefe834b7cbbfdfba11069c651235157ee57411b?s=96&d=mm&r=g","contentUrl":"https:\/\/secure.gravatar.com\/avatar\/4d4a7c0d6994093bfe79a47ddefe834b7cbbfdfba11069c651235157ee57411b?s=96&d=mm&r=g","caption":"Administracion"},"url":"https:\/\/cvx-e.es\/en\/author\/administracion\/"}]}},"post_mailing_queue_ids":[],"_links":{"self":[{"href":"https:\/\/cvx-e.es\/en\/wp-json\/wp\/v2\/posts\/27139","targetHints":{"allow":["GET"]}}],"collection":[{"href":"https:\/\/cvx-e.es\/en\/wp-json\/wp\/v2\/posts"}],"about":[{"href":"https:\/\/cvx-e.es\/en\/wp-json\/wp\/v2\/types\/post"}],"author":[{"embeddable":true,"href":"https:\/\/cvx-e.es\/en\/wp-json\/wp\/v2\/users\/4"}],"replies":[{"embeddable":true,"href":"https:\/\/cvx-e.es\/en\/wp-json\/wp\/v2\/comments?post=27139"}],"version-history":[{"count":0,"href":"https:\/\/cvx-e.es\/en\/wp-json\/wp\/v2\/posts\/27139\/revisions"}],"wp:featuredmedia":[{"embeddable":true,"href":"https:\/\/cvx-e.es\/en\/wp-json\/wp\/v2\/media\/26846"}],"wp:attachment":[{"href":"https:\/\/cvx-e.es\/en\/wp-json\/wp\/v2\/media?parent=27139"}],"wp:term":[{"taxonomy":"category","embeddable":true,"href":"https:\/\/cvx-e.es\/en\/wp-json\/wp\/v2\/categories?post=27139"},{"taxonomy":"post_tag","embeddable":true,"href":"https:\/\/cvx-e.es\/en\/wp-json\/wp\/v2\/tags?post=27139"}],"curies":[{"name":"wp","href":"https:\/\/api.w.org\/{rel}","templated":true}]}}