{"id":27136,"date":"2021-07-30T10:00:00","date_gmt":"2021-07-30T08:00:00","guid":{"rendered":"https:\/\/cvxe.sjdigitaldemo.ovh\/uncategorized-eu\/hau-izan-da-besarkatu-mundua-modu-inaziotar-batean-saioaren-2-eguna\/"},"modified":"2022-09-02T12:11:32","modified_gmt":"2022-09-02T10:11:32","slug":"hau-izan-da-besarkatu-mundua-modu-inaziotar-batean-saioaren-2-eguna","status":"publish","type":"post","link":"https:\/\/cvx-e.es\/eu\/mision-joven-eu\/hau-izan-da-besarkatu-mundua-modu-inaziotar-batean-saioaren-2-eguna\/","title":{"rendered":"Hau izan da &#8216;Besarkatu mundua modu inaziotar batean&#8217; saioaren 2. eguna"},"content":{"rendered":"\n<p class=\"wp-block-paragraph\">\u00abMugak gainditzera deituak gaude gaurko erronka handietako baten bila: adiskidetzea. Horretan, San Inazioren adibidea gida gisa balio dezake\u00bb. Hau da Entreculturaseko presidenteorde exekutiboak, Daniel Villanueva, SJk, ostiral honetan, abuztuak 30, <a rel=\"noreferrer noopener\" href=\"http:\/\/cvx-e.es\/embrace-the-world-loyola-21\" target=\"_blank\">Kristau Bizitzako Komunitatearen (CLC) Gazteen Mundu Topaketan, <em>Besarkatu<\/em> lema batekin birtualki egiten den abisuetako bat. <em>mundua inaziotar erara<\/em><\/a> .<\/p>\n\n<p class=\"wp-block-paragraph\">Jainkoaren Erreinua eraikitzeko sareak ehundu beharrari buruzko hitzaldian, &#8220;Eliza gisa errealitatea ikuspuntu guztietatik hartzeko bokazioa dugula&#8221; adierazi du, eta inaziotarrok &#8220;askotariko bat&#8221; osatzen dutela baloratu du. Dagoeneko sarean lanean ari den eta orain arte ia imajinaezinak ziren gauzak lortzeko gai den konbertsio batera eraman gaitzakeen gorputz apostolikoa\u00bb.<\/p>\n\n<p class=\"wp-block-paragraph\">Zentzu horretan, sareei esker gaur egun lan gehiago eta hobea egiten duten esparruen hainbat adibide nabarmendu nahi izan ditu, hala nola Jesuiten ikastetxeen sarea, Magis, Ekojesuita, Jesuiten Migratzaileen Zerbitzua, edo jendearekin egiten den lana. errefuxiatuak eta unibertsitateak.<\/p>\n\n<p class=\"wp-block-paragraph\">Jesuiten NGDOko buruzagiak galdera bat egin zien azkenean berrogeita hamar herrialdetako 130 gazte baino gehiagori: \u00abProzesu honen guztiaren zein zati hazi beharko zenukete, zuek bakarrik egin zenutenaz harago?\u00bb.<\/p>\n\n<figure class=\"wp-block-embed is-type-video is-provider-youtube wp-block-embed-youtube wp-embed-aspect-16-9 wp-has-aspect-ratio\"><div class=\"wp-block-embed__wrapper\">\n<iframe loading=\"lazy\" title=\"Building the Kingdom: called to connect through networks - Dani Villanueva, SJ\" width=\"1080\" height=\"608\" src=\"https:\/\/www.youtube.com\/embed\/uIBJZq-zgmU?feature=oembed\"  allow=\"accelerometer; autoplay; clipboard-write; encrypted-media; gyroscope; picture-in-picture\" allowfullscreen><\/iframe>\n<\/div><\/figure>\n\n<p class=\"wp-block-paragraph\">Bileraren bigarren egun honetan, Misiolari Klaretarren Guadalupeko probintziako nagusi Ondina Cort\u00e9sek ere bideoan parte hartu zuen. \u00abBizitza ez da zuri gertatzen zaizuna bakarrik, gertatzen zaizunarekin egiten duzuna baizik. Nire esperientzia zerbait erabilgarria bihurtu nahi nuen. Jainkoaren proiektuaren, Jainkoaren Erreinuaren zerbitzura egotea nahi dut\u00bb, esan zuen.<\/p>\n\n<figure class=\"wp-block-embed is-type-video is-provider-youtube wp-block-embed-youtube wp-embed-aspect-16-9 wp-has-aspect-ratio\"><div class=\"wp-block-embed__wrapper\">\n<iframe loading=\"lazy\" title=\"Loyola: the family home\" width=\"1080\" height=\"608\" src=\"https:\/\/www.youtube.com\/embed\/wsvHHeFe2kU?feature=oembed\"  allow=\"accelerometer; autoplay; clipboard-write; encrypted-media; gyroscope; picture-in-picture\" allowfullscreen><\/iframe>\n<\/div><\/figure>\n\n<p class=\"wp-block-paragraph\">Atsegin dut<a href=\"http:\/\/cvx-e.es\/asi-ha-sido-el-dia-1-de-embrace-the-world-in-a-ignatian-way\" target=\"_blank\" rel=\"noreferrer noopener\"> lehenengo egunean<\/a>, San Inaziori lotutako leku baten bideoa \u2013familiaren etxea, kasu honetan\u2013 proiektatu da, deiturikoa. <em>CLC Gazte Kodea<\/em> eta munduko CLCko kide ezberdinen testigantzak entzun ahal izan dira, hala nola, Blanca Gracia doktorearenak, pandemiaren aurkako borrokaren lehen lerroan izandako esperientzia kontatu duena.<\/p>\n\n<figure class=\"wp-block-embed is-type-video is-provider-youtube wp-block-embed-youtube wp-embed-aspect-16-9 wp-has-aspect-ratio\"><div class=\"wp-block-embed__wrapper\">\n<iframe loading=\"lazy\" title=\"Experience: Blanca Gracia, doctor from Madrid (Spain)\" width=\"1080\" height=\"608\" src=\"https:\/\/www.youtube.com\/embed\/6TysYYnfxxM?feature=oembed\"  allow=\"accelerometer; autoplay; clipboard-write; encrypted-media; gyroscope; picture-in-picture\" allowfullscreen><\/iframe>\n<\/div><\/figure>\n\n<p class=\"wp-block-paragraph\">CLC Munduko Gazte Topaketak larunbat honetan, uztailak 31, amaituko ditu Loiolako San Inazio jaiak, eta egitarau bizi batekin, Arturo Sosa, Jesusen Lagundiko Aita Jeneralaren esku-hartzeak biltzen dituena; CLC Espa\u00f1ako presidentea, Eduardo Escob\u00e9s, eta Jos\u00e9 Mar\u00eda Rodr\u00edguez Olaizola, SJ.<\/p>\n\n<p class=\"wp-block-paragraph\">Informazio gehiago nahi izanez gero, Misi\u00f3n Joven-en profilak jarraitu ditzakezu <a rel=\"noreferrer noopener\" href=\"https:\/\/twitter.com\/misionjovencvxe\" target=\"_blank\">Twitter<\/a> , <a rel=\"noreferrer noopener\" href=\"https:\/\/www.instagram.com\/fejovencvx\/\" target=\"_blank\">Instagram<\/a> eta <a href=\"https:\/\/www.facebook.com\/fejovencvx\" target=\"_blank\" rel=\"noreferrer noopener\">Facebook<\/a> , baita <a href=\"https:\/\/www.youtube.com\/channel\/UCaItHA3MZ15Z-7yKf3q5WIw\" target=\"_blank\" rel=\"noreferrer noopener\">CLC Spain kanala YouTube-n<\/a> .<\/p>\n","protected":false},"excerpt":{"rendered":"<p>\u00abMugak gainditzera deituak gaude gaurko erronka handietako baten bila: adiskidetzea. Horretan, San Inazioren adibidea gida gisa balio dezake\u00bb. Hau da Entreculturaseko presidenteorde exekutiboak, Daniel Villanueva, SJk, ostiral honetan, abuztuak 30, [&hellip;]<\/p>\n","protected":false},"author":4,"featured_media":26844,"comment_status":"closed","ping_status":"closed","sticky":false,"template":"","format":"standard","meta":{"_et_pb_use_builder":"","_et_pb_old_content":"","_et_gb_content_width":"","_price":"","_stock":"","_tribe_ticket_header":"","_tribe_default_ticket_provider":"","_tribe_ticket_capacity":"0","_ticket_start_date":"","_ticket_end_date":"","_tribe_ticket_show_description":"","_tribe_ticket_show_not_going":false,"_tribe_ticket_use_global_stock":"","_tribe_ticket_global_stock_level":"","_global_stock_mode":"","_global_stock_cap":"","_tribe_rsvp_for_event":"","_tribe_ticket_going_count":"","_tribe_ticket_not_going_count":"","_tribe_tickets_list":"[]","_tribe_ticket_has_attendee_info_fields":false,"footnotes":""},"categories":[473],"tags":[],"class_list":["post-27136","post","type-post","status-publish","format-standard","has-post-thumbnail","hentry","category-mision-joven-eu"],"yoast_head":"<!-- This site is optimized with the Yoast SEO plugin v27.9 - https:\/\/yoast.com\/product\/yoast-seo-wordpress\/ -->\n<title>Hau izan da &#039;Besarkatu mundua modu inaziotar batean&#039; saioaren 2. eguna - CVX en Espa\u00f1a<\/title>\n<meta name=\"robots\" content=\"index, follow, max-snippet:-1, max-image-preview:large, max-video-preview:-1\" \/>\n<link rel=\"canonical\" href=\"https:\/\/cvx-e.es\/eu\/mision-joven-eu\/hau-izan-da-besarkatu-mundua-modu-inaziotar-batean-saioaren-2-eguna\/\" \/>\n<meta property=\"og:locale\" content=\"eu_ES\" \/>\n<meta property=\"og:type\" content=\"article\" \/>\n<meta property=\"og:title\" content=\"Hau izan da &#039;Besarkatu mundua modu inaziotar batean&#039; saioaren 2. eguna - CVX en Espa\u00f1a\" \/>\n<meta property=\"og:description\" content=\"\u00abMugak gainditzera deituak gaude gaurko erronka handietako baten bila: adiskidetzea. Horretan, San Inazioren adibidea gida gisa balio dezake\u00bb. Hau da Entreculturaseko presidenteorde exekutiboak, Daniel Villanueva, SJk, ostiral honetan, abuztuak 30, [&hellip;]\" \/>\n<meta property=\"og:url\" content=\"https:\/\/cvx-e.es\/eu\/mision-joven-eu\/hau-izan-da-besarkatu-mundua-modu-inaziotar-batean-saioaren-2-eguna\/\" \/>\n<meta property=\"og:site_name\" content=\"CVX en Espa\u00f1a\" \/>\n<meta property=\"article:published_time\" content=\"2021-07-30T08:00:00+00:00\" \/>\n<meta property=\"article:modified_time\" content=\"2022-09-02T10:11:32+00:00\" \/>\n<meta property=\"og:image\" content=\"https:\/\/cvx-e.es\/wp-content\/uploads\/2022\/09\/embrace_dia2.jpg\" \/>\n\t<meta property=\"og:image:width\" content=\"1024\" \/>\n\t<meta property=\"og:image:height\" content=\"568\" \/>\n\t<meta property=\"og:image:type\" content=\"image\/jpeg\" \/>\n<meta name=\"author\" content=\"Administracion\" \/>\n<meta name=\"twitter:card\" content=\"summary_large_image\" \/>\n<meta name=\"twitter:label1\" content=\"Written by\" \/>\n\t<meta name=\"twitter:data1\" content=\"Administracion\" \/>\n\t<meta name=\"twitter:label2\" content=\"Est. reading time\" \/>\n\t<meta name=\"twitter:data2\" content=\"2 minutes\" \/>\n<script type=\"application\/ld+json\" class=\"yoast-schema-graph\">{\"@context\":\"https:\\\/\\\/schema.org\",\"@graph\":[{\"@type\":\"Article\",\"@id\":\"https:\\\/\\\/cvx-e.es\\\/eu\\\/mision-joven-eu\\\/hau-izan-da-besarkatu-mundua-modu-inaziotar-batean-saioaren-2-eguna\\\/#article\",\"isPartOf\":{\"@id\":\"https:\\\/\\\/cvx-e.es\\\/eu\\\/mision-joven-eu\\\/hau-izan-da-besarkatu-mundua-modu-inaziotar-batean-saioaren-2-eguna\\\/\"},\"author\":{\"name\":\"Administracion\",\"@id\":\"https:\\\/\\\/cvx-e.es\\\/eu\\\/#\\\/schema\\\/person\\\/9e98df936af8ab13b1c160d256dacf62\"},\"headline\":\"Hau izan da &#8216;Besarkatu mundua modu inaziotar batean&#8217; saioaren 2. eguna\",\"datePublished\":\"2021-07-30T08:00:00+00:00\",\"dateModified\":\"2022-09-02T10:11:32+00:00\",\"mainEntityOfPage\":{\"@id\":\"https:\\\/\\\/cvx-e.es\\\/eu\\\/mision-joven-eu\\\/hau-izan-da-besarkatu-mundua-modu-inaziotar-batean-saioaren-2-eguna\\\/\"},\"wordCount\":332,\"image\":{\"@id\":\"https:\\\/\\\/cvx-e.es\\\/eu\\\/mision-joven-eu\\\/hau-izan-da-besarkatu-mundua-modu-inaziotar-batean-saioaren-2-eguna\\\/#primaryimage\"},\"thumbnailUrl\":\"https:\\\/\\\/cvx-e.es\\\/wp-content\\\/uploads\\\/2022\\\/09\\\/embrace_dia2.jpg\",\"articleSection\":[\"mision joven\"],\"inLanguage\":\"eu-ES\"},{\"@type\":\"WebPage\",\"@id\":\"https:\\\/\\\/cvx-e.es\\\/eu\\\/mision-joven-eu\\\/hau-izan-da-besarkatu-mundua-modu-inaziotar-batean-saioaren-2-eguna\\\/\",\"url\":\"https:\\\/\\\/cvx-e.es\\\/eu\\\/mision-joven-eu\\\/hau-izan-da-besarkatu-mundua-modu-inaziotar-batean-saioaren-2-eguna\\\/\",\"name\":\"Hau izan da 'Besarkatu mundua modu inaziotar batean' saioaren 2. eguna - CVX en Espa\u00f1a\",\"isPartOf\":{\"@id\":\"https:\\\/\\\/cvx-e.es\\\/eu\\\/#website\"},\"primaryImageOfPage\":{\"@id\":\"https:\\\/\\\/cvx-e.es\\\/eu\\\/mision-joven-eu\\\/hau-izan-da-besarkatu-mundua-modu-inaziotar-batean-saioaren-2-eguna\\\/#primaryimage\"},\"image\":{\"@id\":\"https:\\\/\\\/cvx-e.es\\\/eu\\\/mision-joven-eu\\\/hau-izan-da-besarkatu-mundua-modu-inaziotar-batean-saioaren-2-eguna\\\/#primaryimage\"},\"thumbnailUrl\":\"https:\\\/\\\/cvx-e.es\\\/wp-content\\\/uploads\\\/2022\\\/09\\\/embrace_dia2.jpg\",\"datePublished\":\"2021-07-30T08:00:00+00:00\",\"dateModified\":\"2022-09-02T10:11:32+00:00\",\"author\":{\"@id\":\"https:\\\/\\\/cvx-e.es\\\/eu\\\/#\\\/schema\\\/person\\\/9e98df936af8ab13b1c160d256dacf62\"},\"breadcrumb\":{\"@id\":\"https:\\\/\\\/cvx-e.es\\\/eu\\\/mision-joven-eu\\\/hau-izan-da-besarkatu-mundua-modu-inaziotar-batean-saioaren-2-eguna\\\/#breadcrumb\"},\"inLanguage\":\"eu-ES\",\"potentialAction\":[{\"@type\":\"ReadAction\",\"target\":[\"https:\\\/\\\/cvx-e.es\\\/eu\\\/mision-joven-eu\\\/hau-izan-da-besarkatu-mundua-modu-inaziotar-batean-saioaren-2-eguna\\\/\"]}]},{\"@type\":\"ImageObject\",\"inLanguage\":\"eu-ES\",\"@id\":\"https:\\\/\\\/cvx-e.es\\\/eu\\\/mision-joven-eu\\\/hau-izan-da-besarkatu-mundua-modu-inaziotar-batean-saioaren-2-eguna\\\/#primaryimage\",\"url\":\"https:\\\/\\\/cvx-e.es\\\/wp-content\\\/uploads\\\/2022\\\/09\\\/embrace_dia2.jpg\",\"contentUrl\":\"https:\\\/\\\/cvx-e.es\\\/wp-content\\\/uploads\\\/2022\\\/09\\\/embrace_dia2.jpg\",\"width\":1024,\"height\":568},{\"@type\":\"BreadcrumbList\",\"@id\":\"https:\\\/\\\/cvx-e.es\\\/eu\\\/mision-joven-eu\\\/hau-izan-da-besarkatu-mundua-modu-inaziotar-batean-saioaren-2-eguna\\\/#breadcrumb\",\"itemListElement\":[{\"@type\":\"ListItem\",\"position\":1,\"name\":\"Inicio\",\"item\":\"https:\\\/\\\/cvx-e.es\\\/eu\\\/\"},{\"@type\":\"ListItem\",\"position\":2,\"name\":\"mision joven\",\"item\":\"https:\\\/\\\/cvx-e.es\\\/eu\\\/categoria\\\/mision-joven-eu\\\/\"},{\"@type\":\"ListItem\",\"position\":3,\"name\":\"Hau izan da &#8216;Besarkatu mundua modu inaziotar batean&#8217; saioaren 2. eguna\"}]},{\"@type\":\"WebSite\",\"@id\":\"https:\\\/\\\/cvx-e.es\\\/eu\\\/#website\",\"url\":\"https:\\\/\\\/cvx-e.es\\\/eu\\\/\",\"name\":\"CVX en Espa\u00f1a\",\"description\":\"Comunidad de Vida Cristiana Ignaciana\",\"potentialAction\":[{\"@type\":\"SearchAction\",\"target\":{\"@type\":\"EntryPoint\",\"urlTemplate\":\"https:\\\/\\\/cvx-e.es\\\/eu\\\/?s={search_term_string}\"},\"query-input\":{\"@type\":\"PropertyValueSpecification\",\"valueRequired\":true,\"valueName\":\"search_term_string\"}}],\"inLanguage\":\"eu-ES\"},{\"@type\":\"Person\",\"@id\":\"https:\\\/\\\/cvx-e.es\\\/eu\\\/#\\\/schema\\\/person\\\/9e98df936af8ab13b1c160d256dacf62\",\"name\":\"Administracion\",\"image\":{\"@type\":\"ImageObject\",\"inLanguage\":\"eu-ES\",\"@id\":\"https:\\\/\\\/secure.gravatar.com\\\/avatar\\\/4d4a7c0d6994093bfe79a47ddefe834b7cbbfdfba11069c651235157ee57411b?s=96&d=mm&r=g\",\"url\":\"https:\\\/\\\/secure.gravatar.com\\\/avatar\\\/4d4a7c0d6994093bfe79a47ddefe834b7cbbfdfba11069c651235157ee57411b?s=96&d=mm&r=g\",\"contentUrl\":\"https:\\\/\\\/secure.gravatar.com\\\/avatar\\\/4d4a7c0d6994093bfe79a47ddefe834b7cbbfdfba11069c651235157ee57411b?s=96&d=mm&r=g\",\"caption\":\"Administracion\"},\"url\":\"https:\\\/\\\/cvx-e.es\\\/eu\\\/author\\\/administracion\\\/\"}]}<\/script>\n<!-- \/ Yoast SEO plugin. -->","yoast_head_json":{"title":"Hau izan da 'Besarkatu mundua modu inaziotar batean' saioaren 2. eguna - CVX en Espa\u00f1a","robots":{"index":"index","follow":"follow","max-snippet":"max-snippet:-1","max-image-preview":"max-image-preview:large","max-video-preview":"max-video-preview:-1"},"canonical":"https:\/\/cvx-e.es\/eu\/mision-joven-eu\/hau-izan-da-besarkatu-mundua-modu-inaziotar-batean-saioaren-2-eguna\/","og_locale":"eu_ES","og_type":"article","og_title":"Hau izan da 'Besarkatu mundua modu inaziotar batean' saioaren 2. eguna - CVX en Espa\u00f1a","og_description":"\u00abMugak gainditzera deituak gaude gaurko erronka handietako baten bila: adiskidetzea. Horretan, San Inazioren adibidea gida gisa balio dezake\u00bb. Hau da Entreculturaseko presidenteorde exekutiboak, Daniel Villanueva, SJk, ostiral honetan, abuztuak 30, [&hellip;]","og_url":"https:\/\/cvx-e.es\/eu\/mision-joven-eu\/hau-izan-da-besarkatu-mundua-modu-inaziotar-batean-saioaren-2-eguna\/","og_site_name":"CVX en Espa\u00f1a","article_published_time":"2021-07-30T08:00:00+00:00","article_modified_time":"2022-09-02T10:11:32+00:00","og_image":[{"width":1024,"height":568,"url":"https:\/\/cvx-e.es\/wp-content\/uploads\/2022\/09\/embrace_dia2.jpg","type":"image\/jpeg"}],"author":"Administracion","twitter_card":"summary_large_image","twitter_misc":{"Written by":"Administracion","Est. reading time":"2 minutes"},"schema":{"@context":"https:\/\/schema.org","@graph":[{"@type":"Article","@id":"https:\/\/cvx-e.es\/eu\/mision-joven-eu\/hau-izan-da-besarkatu-mundua-modu-inaziotar-batean-saioaren-2-eguna\/#article","isPartOf":{"@id":"https:\/\/cvx-e.es\/eu\/mision-joven-eu\/hau-izan-da-besarkatu-mundua-modu-inaziotar-batean-saioaren-2-eguna\/"},"author":{"name":"Administracion","@id":"https:\/\/cvx-e.es\/eu\/#\/schema\/person\/9e98df936af8ab13b1c160d256dacf62"},"headline":"Hau izan da &#8216;Besarkatu mundua modu inaziotar batean&#8217; saioaren 2. eguna","datePublished":"2021-07-30T08:00:00+00:00","dateModified":"2022-09-02T10:11:32+00:00","mainEntityOfPage":{"@id":"https:\/\/cvx-e.es\/eu\/mision-joven-eu\/hau-izan-da-besarkatu-mundua-modu-inaziotar-batean-saioaren-2-eguna\/"},"wordCount":332,"image":{"@id":"https:\/\/cvx-e.es\/eu\/mision-joven-eu\/hau-izan-da-besarkatu-mundua-modu-inaziotar-batean-saioaren-2-eguna\/#primaryimage"},"thumbnailUrl":"https:\/\/cvx-e.es\/wp-content\/uploads\/2022\/09\/embrace_dia2.jpg","articleSection":["mision joven"],"inLanguage":"eu-ES"},{"@type":"WebPage","@id":"https:\/\/cvx-e.es\/eu\/mision-joven-eu\/hau-izan-da-besarkatu-mundua-modu-inaziotar-batean-saioaren-2-eguna\/","url":"https:\/\/cvx-e.es\/eu\/mision-joven-eu\/hau-izan-da-besarkatu-mundua-modu-inaziotar-batean-saioaren-2-eguna\/","name":"Hau izan da 'Besarkatu mundua modu inaziotar batean' saioaren 2. eguna - CVX en Espa\u00f1a","isPartOf":{"@id":"https:\/\/cvx-e.es\/eu\/#website"},"primaryImageOfPage":{"@id":"https:\/\/cvx-e.es\/eu\/mision-joven-eu\/hau-izan-da-besarkatu-mundua-modu-inaziotar-batean-saioaren-2-eguna\/#primaryimage"},"image":{"@id":"https:\/\/cvx-e.es\/eu\/mision-joven-eu\/hau-izan-da-besarkatu-mundua-modu-inaziotar-batean-saioaren-2-eguna\/#primaryimage"},"thumbnailUrl":"https:\/\/cvx-e.es\/wp-content\/uploads\/2022\/09\/embrace_dia2.jpg","datePublished":"2021-07-30T08:00:00+00:00","dateModified":"2022-09-02T10:11:32+00:00","author":{"@id":"https:\/\/cvx-e.es\/eu\/#\/schema\/person\/9e98df936af8ab13b1c160d256dacf62"},"breadcrumb":{"@id":"https:\/\/cvx-e.es\/eu\/mision-joven-eu\/hau-izan-da-besarkatu-mundua-modu-inaziotar-batean-saioaren-2-eguna\/#breadcrumb"},"inLanguage":"eu-ES","potentialAction":[{"@type":"ReadAction","target":["https:\/\/cvx-e.es\/eu\/mision-joven-eu\/hau-izan-da-besarkatu-mundua-modu-inaziotar-batean-saioaren-2-eguna\/"]}]},{"@type":"ImageObject","inLanguage":"eu-ES","@id":"https:\/\/cvx-e.es\/eu\/mision-joven-eu\/hau-izan-da-besarkatu-mundua-modu-inaziotar-batean-saioaren-2-eguna\/#primaryimage","url":"https:\/\/cvx-e.es\/wp-content\/uploads\/2022\/09\/embrace_dia2.jpg","contentUrl":"https:\/\/cvx-e.es\/wp-content\/uploads\/2022\/09\/embrace_dia2.jpg","width":1024,"height":568},{"@type":"BreadcrumbList","@id":"https:\/\/cvx-e.es\/eu\/mision-joven-eu\/hau-izan-da-besarkatu-mundua-modu-inaziotar-batean-saioaren-2-eguna\/#breadcrumb","itemListElement":[{"@type":"ListItem","position":1,"name":"Inicio","item":"https:\/\/cvx-e.es\/eu\/"},{"@type":"ListItem","position":2,"name":"mision joven","item":"https:\/\/cvx-e.es\/eu\/categoria\/mision-joven-eu\/"},{"@type":"ListItem","position":3,"name":"Hau izan da &#8216;Besarkatu mundua modu inaziotar batean&#8217; saioaren 2. eguna"}]},{"@type":"WebSite","@id":"https:\/\/cvx-e.es\/eu\/#website","url":"https:\/\/cvx-e.es\/eu\/","name":"CVX en Espa\u00f1a","description":"Comunidad de Vida Cristiana Ignaciana","potentialAction":[{"@type":"SearchAction","target":{"@type":"EntryPoint","urlTemplate":"https:\/\/cvx-e.es\/eu\/?s={search_term_string}"},"query-input":{"@type":"PropertyValueSpecification","valueRequired":true,"valueName":"search_term_string"}}],"inLanguage":"eu-ES"},{"@type":"Person","@id":"https:\/\/cvx-e.es\/eu\/#\/schema\/person\/9e98df936af8ab13b1c160d256dacf62","name":"Administracion","image":{"@type":"ImageObject","inLanguage":"eu-ES","@id":"https:\/\/secure.gravatar.com\/avatar\/4d4a7c0d6994093bfe79a47ddefe834b7cbbfdfba11069c651235157ee57411b?s=96&d=mm&r=g","url":"https:\/\/secure.gravatar.com\/avatar\/4d4a7c0d6994093bfe79a47ddefe834b7cbbfdfba11069c651235157ee57411b?s=96&d=mm&r=g","contentUrl":"https:\/\/secure.gravatar.com\/avatar\/4d4a7c0d6994093bfe79a47ddefe834b7cbbfdfba11069c651235157ee57411b?s=96&d=mm&r=g","caption":"Administracion"},"url":"https:\/\/cvx-e.es\/eu\/author\/administracion\/"}]}},"post_mailing_queue_ids":[],"_links":{"self":[{"href":"https:\/\/cvx-e.es\/eu\/wp-json\/wp\/v2\/posts\/27136","targetHints":{"allow":["GET"]}}],"collection":[{"href":"https:\/\/cvx-e.es\/eu\/wp-json\/wp\/v2\/posts"}],"about":[{"href":"https:\/\/cvx-e.es\/eu\/wp-json\/wp\/v2\/types\/post"}],"author":[{"embeddable":true,"href":"https:\/\/cvx-e.es\/eu\/wp-json\/wp\/v2\/users\/4"}],"replies":[{"embeddable":true,"href":"https:\/\/cvx-e.es\/eu\/wp-json\/wp\/v2\/comments?post=27136"}],"version-history":[{"count":0,"href":"https:\/\/cvx-e.es\/eu\/wp-json\/wp\/v2\/posts\/27136\/revisions"}],"wp:featuredmedia":[{"embeddable":true,"href":"https:\/\/cvx-e.es\/eu\/wp-json\/wp\/v2\/media\/26844"}],"wp:attachment":[{"href":"https:\/\/cvx-e.es\/eu\/wp-json\/wp\/v2\/media?parent=27136"}],"wp:term":[{"taxonomy":"category","embeddable":true,"href":"https:\/\/cvx-e.es\/eu\/wp-json\/wp\/v2\/categories?post=27136"},{"taxonomy":"post_tag","embeddable":true,"href":"https:\/\/cvx-e.es\/eu\/wp-json\/wp\/v2\/tags?post=27136"}],"curies":[{"name":"wp","href":"https:\/\/api.w.org\/{rel}","templated":true}]}}